{"id":179,"date":"2025-06-10T15:04:56","date_gmt":"2025-06-10T13:04:56","guid":{"rendered":"https:\/\/www.legraindesheures.ovh\/?p=179"},"modified":"2025-06-10T15:07:31","modified_gmt":"2025-06-10T13:07:31","slug":"dans-les-hautes-fagnes-au-printemps","status":"publish","type":"post","link":"https:\/\/www.legraindesheures.ovh\/index.php\/2025\/06\/10\/dans-les-hautes-fagnes-au-printemps\/","title":{"rendered":"Dans les Hautes Fagnes au printemps"},"content":{"rendered":"\n<blockquote class=\"wp-block-quote is-layout-flow wp-block-quote-is-layout-flow\">\n<figure class=\"wp-block-gallery has-nested-images columns-default is-cropped wp-block-gallery-1 is-layout-flex wp-block-gallery-is-layout-flex\">\n<figure class=\"wp-block-image size-large\"><img loading=\"lazy\" decoding=\"async\" width=\"600\" height=\"900\" data-id=\"185\" src=\"https:\/\/www.legraindesheures.ovh\/wp-content\/uploads\/2025\/06\/lr2025-5980-web.jpg\" alt=\"\" class=\"wp-image-185\" srcset=\"https:\/\/www.legraindesheures.ovh\/wp-content\/uploads\/2025\/06\/lr2025-5980-web.jpg 600w, https:\/\/www.legraindesheures.ovh\/wp-content\/uploads\/2025\/06\/lr2025-5980-web-200x300.jpg 200w, https:\/\/www.legraindesheures.ovh\/wp-content\/uploads\/2025\/06\/lr2025-5980-web-147x220.jpg 147w, https:\/\/www.legraindesheures.ovh\/wp-content\/uploads\/2025\/06\/lr2025-5980-web-359x539.jpg 359w\" sizes=\"auto, (max-width: 600px) 100vw, 600px\" \/><\/figure>\n\n\n\n<figure class=\"wp-block-image size-large\"><img loading=\"lazy\" decoding=\"async\" width=\"900\" height=\"900\" data-id=\"184\" src=\"https:\/\/www.legraindesheures.ovh\/wp-content\/uploads\/2025\/06\/lr2025-5992-web.jpg\" alt=\"\" class=\"wp-image-184\" srcset=\"https:\/\/www.legraindesheures.ovh\/wp-content\/uploads\/2025\/06\/lr2025-5992-web.jpg 900w, https:\/\/www.legraindesheures.ovh\/wp-content\/uploads\/2025\/06\/lr2025-5992-web-300x300.jpg 300w, https:\/\/www.legraindesheures.ovh\/wp-content\/uploads\/2025\/06\/lr2025-5992-web-150x150.jpg 150w, https:\/\/www.legraindesheures.ovh\/wp-content\/uploads\/2025\/06\/lr2025-5992-web-768x768.jpg 768w, https:\/\/www.legraindesheures.ovh\/wp-content\/uploads\/2025\/06\/lr2025-5992-web-220x220.jpg 220w, https:\/\/www.legraindesheures.ovh\/wp-content\/uploads\/2025\/06\/lr2025-5992-web-359x359.jpg 359w\" sizes=\"auto, (max-width: 900px) 100vw, 900px\" \/><\/figure>\n<\/figure>\n<\/blockquote>\n\n\n\n<p><\/p>\n\n\n\n<p><\/p>\n\n\n\n<blockquote class=\"wp-block-quote is-layout-flow wp-block-quote-is-layout-flow\">\n<p class=\"has-text-align-center\">Tant de tristesses pl\u00e9ni\u00e8res<\/p>\n\n\n\n<p class=\"has-text-align-center\">Prirent mon c\u0153ur aux fagnes d\u00e9sol\u00e9es<\/p>\n\n\n\n<p class=\"has-text-align-center\">Quand las j\u2019ai repos\u00e9 dans les sapini\u00e8res<\/p>\n\n\n\n<p class=\"has-text-align-center\">Le poids des kilom\u00e8tres pendant que r\u00e2lait<\/p>\n\n\n\n<p class=\"has-text-align-center\">Le vent d\u2019ouest<\/p>\n\n\n\n<p class=\"has-text-align-center\">J\u2019avais quitt\u00e9 le joli bois<\/p>\n\n\n\n<p class=\"has-text-align-center\">Les \u00e9cureuils y sont rest\u00e9s<\/p>\n\n\n\n<p class=\"has-text-align-center\">Ma pipe essayait de faire des nuages<\/p>\n\n\n\n<p class=\"has-text-align-center\">Au ciel qui restait pur obstin\u00e9ment<\/p>\n\n\n\n<p class=\"has-text-align-center\">Je n\u2019ai confi\u00e9 aucun secret sinon une chanson \u00e9nigmatique<\/p>\n\n\n\n<p class=\"has-text-align-center\">Aux tourbi\u00e8res humides<\/p>\n\n\n\n<p class=\"has-text-align-center\">Les bruy\u00e8res fleurant le miel<\/p>\n\n\n\n<p class=\"has-text-align-center\">Attiraient les abeilles<\/p>\n\n\n\n<p class=\"has-text-align-center\">Et mes pieds endoloris<\/p>\n\n\n\n<p class=\"has-text-align-center\">Foulaient les myrtilles et les airelles<\/p>\n\n\n\n<p class=\"has-text-align-center\">Tendrement mari\u00e9e<\/p>\n\n\n\n<p class=\"has-text-align-center\">Nord<\/p>\n\n\n\n<p class=\"has-text-align-center\">La vie s\u2019y tord<\/p>\n\n\n\n<p class=\"has-text-align-center\">En arbres forts<\/p>\n\n\n\n<p class=\"has-text-align-center\">La vie y mord<\/p>\n\n\n\n<p class=\"has-text-align-center\">\u00a0La mort<\/p>\n\n\n\n<p class=\"has-text-align-center\">A belles dents<\/p>\n\n\n\n<p class=\"has-text-align-center\">Quand bruit le vent<\/p>\n\n\n\n<p class=\"has-text-align-right\">Apollinaire <\/p>\n<\/blockquote>\n\n\n\n<p><\/p>\n\n\n<div class=\"wp-block-image\">\n<figure class=\"aligncenter size-full\"><img loading=\"lazy\" decoding=\"async\" width=\"900\" height=\"675\" src=\"http:\/\/www.legraindesheures.ovh\/wp-content\/uploads\/2025\/06\/lr2025-9609-web.jpg\" alt=\"paysage hautes fagnes\" class=\"wp-image-183\" srcset=\"https:\/\/www.legraindesheures.ovh\/wp-content\/uploads\/2025\/06\/lr2025-9609-web.jpg 900w, https:\/\/www.legraindesheures.ovh\/wp-content\/uploads\/2025\/06\/lr2025-9609-web-300x225.jpg 300w, https:\/\/www.legraindesheures.ovh\/wp-content\/uploads\/2025\/06\/lr2025-9609-web-768x576.jpg 768w, https:\/\/www.legraindesheures.ovh\/wp-content\/uploads\/2025\/06\/lr2025-9609-web-293x220.jpg 293w, https:\/\/www.legraindesheures.ovh\/wp-content\/uploads\/2025\/06\/lr2025-9609-web-359x269.jpg 359w\" sizes=\"auto, (max-width: 900px) 100vw, 900px\" \/><\/figure>\n<\/div>\n\n\n<p><\/p>\n\n\n\n<figure class=\"wp-block-image size-full\"><img loading=\"lazy\" decoding=\"async\" width=\"900\" height=\"675\" src=\"http:\/\/www.legraindesheures.ovh\/wp-content\/uploads\/2025\/06\/lr2025-9618-web.jpg\" alt=\"\" class=\"wp-image-189\" srcset=\"https:\/\/www.legraindesheures.ovh\/wp-content\/uploads\/2025\/06\/lr2025-9618-web.jpg 900w, https:\/\/www.legraindesheures.ovh\/wp-content\/uploads\/2025\/06\/lr2025-9618-web-300x225.jpg 300w, https:\/\/www.legraindesheures.ovh\/wp-content\/uploads\/2025\/06\/lr2025-9618-web-768x576.jpg 768w, https:\/\/www.legraindesheures.ovh\/wp-content\/uploads\/2025\/06\/lr2025-9618-web-293x220.jpg 293w, https:\/\/www.legraindesheures.ovh\/wp-content\/uploads\/2025\/06\/lr2025-9618-web-359x269.jpg 359w\" sizes=\"auto, (max-width: 900px) 100vw, 900px\" \/><\/figure>\n\n\n\n<p><\/p>\n\n\n\n<figure class=\"wp-block-image size-full\"><img loading=\"lazy\" decoding=\"async\" width=\"900\" height=\"600\" src=\"http:\/\/www.legraindesheures.ovh\/wp-content\/uploads\/2025\/06\/lr2025-5971-entete.jpg\" alt=\"\" class=\"wp-image-187\" srcset=\"https:\/\/www.legraindesheures.ovh\/wp-content\/uploads\/2025\/06\/lr2025-5971-entete.jpg 900w, https:\/\/www.legraindesheures.ovh\/wp-content\/uploads\/2025\/06\/lr2025-5971-entete-300x200.jpg 300w, https:\/\/www.legraindesheures.ovh\/wp-content\/uploads\/2025\/06\/lr2025-5971-entete-768x512.jpg 768w, https:\/\/www.legraindesheures.ovh\/wp-content\/uploads\/2025\/06\/lr2025-5971-entete-330x220.jpg 330w, https:\/\/www.legraindesheures.ovh\/wp-content\/uploads\/2025\/06\/lr2025-5971-entete-359x239.jpg 359w\" sizes=\"auto, (max-width: 900px) 100vw, 900px\" \/><\/figure>\n\n\n\n<p><\/p>\n\n\n\n<p>Entre ciels changeants et \u00e9claircies, <\/p>\n\n\n\n<p>berc\u00e9e par la danse des linaigrettes, ces petites plumettes,<\/p>\n\n\n\n<p>je me suis promen\u00e9e dans les Hautes Fagnes. <\/p>\n\n\n\n<p>J&rsquo;y ai entendu le coucou, <\/p>\n\n\n\n<p>j&rsquo;ai racont\u00e9 mes soucis au vent, il les a emport\u00e9 et comme d&rsquo;habitude, <\/p>\n\n\n\n<p>la nature a nettoy\u00e9 les chagrins de mon coeur. <\/p>\n\n\n\n<p><\/p>\n\n\n<div class=\"wp-block-image\">\n<figure class=\"aligncenter size-full\"><img loading=\"lazy\" decoding=\"async\" width=\"600\" height=\"900\" src=\"http:\/\/www.legraindesheures.ovh\/wp-content\/uploads\/2025\/06\/lr2025-web.jpg\" alt=\"\" class=\"wp-image-180\" srcset=\"https:\/\/www.legraindesheures.ovh\/wp-content\/uploads\/2025\/06\/lr2025-web.jpg 600w, https:\/\/www.legraindesheures.ovh\/wp-content\/uploads\/2025\/06\/lr2025-web-200x300.jpg 200w, https:\/\/www.legraindesheures.ovh\/wp-content\/uploads\/2025\/06\/lr2025-web-147x220.jpg 147w, https:\/\/www.legraindesheures.ovh\/wp-content\/uploads\/2025\/06\/lr2025-web-359x539.jpg 359w\" sizes=\"auto, (max-width: 600px) 100vw, 600px\" \/><\/figure>\n<\/div>\n\n\n<p><\/p>\n\n\n<div class=\"wp-block-image\">\n<figure class=\"aligncenter size-full\"><img loading=\"lazy\" decoding=\"async\" width=\"900\" height=\"600\" src=\"http:\/\/www.legraindesheures.ovh\/wp-content\/uploads\/2025\/06\/lr2025-5970-web.jpg\" alt=\"\" class=\"wp-image-182\" srcset=\"https:\/\/www.legraindesheures.ovh\/wp-content\/uploads\/2025\/06\/lr2025-5970-web.jpg 900w, https:\/\/www.legraindesheures.ovh\/wp-content\/uploads\/2025\/06\/lr2025-5970-web-300x200.jpg 300w, https:\/\/www.legraindesheures.ovh\/wp-content\/uploads\/2025\/06\/lr2025-5970-web-768x512.jpg 768w, https:\/\/www.legraindesheures.ovh\/wp-content\/uploads\/2025\/06\/lr2025-5970-web-330x220.jpg 330w, https:\/\/www.legraindesheures.ovh\/wp-content\/uploads\/2025\/06\/lr2025-5970-web-359x239.jpg 359w\" sizes=\"auto, (max-width: 900px) 100vw, 900px\" \/><\/figure>\n<\/div>\n\n\n<p><\/p>\n\n\n<div class=\"wp-block-image\">\n<figure class=\"aligncenter size-full\"><img loading=\"lazy\" decoding=\"async\" width=\"600\" height=\"900\" src=\"http:\/\/www.legraindesheures.ovh\/wp-content\/uploads\/2025\/06\/lr2025-5985-web.jpg\" alt=\"\" class=\"wp-image-181\" srcset=\"https:\/\/www.legraindesheures.ovh\/wp-content\/uploads\/2025\/06\/lr2025-5985-web.jpg 600w, https:\/\/www.legraindesheures.ovh\/wp-content\/uploads\/2025\/06\/lr2025-5985-web-200x300.jpg 200w, https:\/\/www.legraindesheures.ovh\/wp-content\/uploads\/2025\/06\/lr2025-5985-web-147x220.jpg 147w, https:\/\/www.legraindesheures.ovh\/wp-content\/uploads\/2025\/06\/lr2025-5985-web-359x539.jpg 359w\" sizes=\"auto, (max-width: 600px) 100vw, 600px\" \/><\/figure>\n<\/div>\n\n\n<p><\/p>\n\n\n<div class=\"wp-block-image\">\n<figure class=\"aligncenter size-full\"><img loading=\"lazy\" decoding=\"async\" width=\"900\" height=\"600\" src=\"http:\/\/www.legraindesheures.ovh\/wp-content\/uploads\/2025\/06\/lr2025-5965-web.jpg\" alt=\"\" class=\"wp-image-191\" srcset=\"https:\/\/www.legraindesheures.ovh\/wp-content\/uploads\/2025\/06\/lr2025-5965-web.jpg 900w, https:\/\/www.legraindesheures.ovh\/wp-content\/uploads\/2025\/06\/lr2025-5965-web-300x200.jpg 300w, https:\/\/www.legraindesheures.ovh\/wp-content\/uploads\/2025\/06\/lr2025-5965-web-768x512.jpg 768w, https:\/\/www.legraindesheures.ovh\/wp-content\/uploads\/2025\/06\/lr2025-5965-web-330x220.jpg 330w, https:\/\/www.legraindesheures.ovh\/wp-content\/uploads\/2025\/06\/lr2025-5965-web-359x239.jpg 359w\" sizes=\"auto, (max-width: 900px) 100vw, 900px\" \/><\/figure>\n<\/div>\n\n\n<p><\/p>\n\n\n\n<figure class=\"wp-block-gallery has-nested-images columns-default is-cropped wp-block-gallery-2 is-layout-flex wp-block-gallery-is-layout-flex\">\n<figure class=\"wp-block-image size-large\"><img loading=\"lazy\" decoding=\"async\" width=\"675\" height=\"900\" data-id=\"188\" src=\"https:\/\/www.legraindesheures.ovh\/wp-content\/uploads\/2025\/06\/lr2025-9621-web.jpg\" alt=\"\" class=\"wp-image-188\" srcset=\"https:\/\/www.legraindesheures.ovh\/wp-content\/uploads\/2025\/06\/lr2025-9621-web.jpg 675w, https:\/\/www.legraindesheures.ovh\/wp-content\/uploads\/2025\/06\/lr2025-9621-web-225x300.jpg 225w, https:\/\/www.legraindesheures.ovh\/wp-content\/uploads\/2025\/06\/lr2025-9621-web-165x220.jpg 165w, https:\/\/www.legraindesheures.ovh\/wp-content\/uploads\/2025\/06\/lr2025-9621-web-359x479.jpg 359w\" sizes=\"auto, (max-width: 675px) 100vw, 675px\" \/><\/figure>\n\n\n\n<figure class=\"wp-block-image size-large\"><img loading=\"lazy\" decoding=\"async\" width=\"675\" height=\"900\" data-id=\"190\" src=\"https:\/\/www.legraindesheures.ovh\/wp-content\/uploads\/2025\/06\/lr2025-9631-web.jpg\" alt=\"\" class=\"wp-image-190\" srcset=\"https:\/\/www.legraindesheures.ovh\/wp-content\/uploads\/2025\/06\/lr2025-9631-web.jpg 675w, https:\/\/www.legraindesheures.ovh\/wp-content\/uploads\/2025\/06\/lr2025-9631-web-225x300.jpg 225w, https:\/\/www.legraindesheures.ovh\/wp-content\/uploads\/2025\/06\/lr2025-9631-web-165x220.jpg 165w, https:\/\/www.legraindesheures.ovh\/wp-content\/uploads\/2025\/06\/lr2025-9631-web-359x479.jpg 359w\" sizes=\"auto, (max-width: 675px) 100vw, 675px\" \/><\/figure>\n<\/figure>\n","protected":false},"excerpt":{"rendered":"<p>Tant de tristesses pl\u00e9ni\u00e8res Prirent mon c\u0153ur aux fagnes d\u00e9sol\u00e9es Quand las j\u2019ai repos\u00e9 dans les sapini\u00e8res Le poids des kilom\u00e8tres pendant que r\u00e2lait Le &hellip;<\/p>\n","protected":false},"author":1,"featured_media":195,"comment_status":"closed","ping_status":"open","sticky":false,"template":"","format":"standard","meta":{"_jetpack_memberships_contains_paid_content":false,"footnotes":""},"categories":[17],"tags":[19,18,4,20],"class_list":["post-179","post","type-post","status-publish","format-standard","has-post-thumbnail","hentry","category-promenades","tag-hautes-fagnes","tag-photographie","tag-printemps","tag-wallonie"],"yoast_head":"<!-- This site is optimized with the Yoast SEO plugin v27.5 - https:\/\/yoast.com\/product\/yoast-seo-wordpress\/ -->\n<title>Dans les Hautes Fagnes au printemps - Le grain des heures %<\/title>\n<meta name=\"description\" content=\"Dans les Hautes Fagnes au printemps balade dans les hautes fagnes au printemps\" \/>\n<meta name=\"robots\" content=\"index, follow, max-snippet:-1, max-image-preview:large, max-video-preview:-1\" \/>\n<link rel=\"canonical\" href=\"http:\/\/www.legraindesheures.ovh\/index.php\/2025\/06\/10\/dans-les-hautes-fagnes-au-printemps\/\" \/>\n<meta property=\"og:locale\" content=\"fr_FR\" \/>\n<meta property=\"og:type\" content=\"article\" \/>\n<meta property=\"og:title\" content=\"Dans les Hautes Fagnes au printemps - Le grain des heures %\" \/>\n<meta property=\"og:description\" content=\"Dans les Hautes Fagnes au printemps balade dans les hautes fagnes au printemps\" \/>\n<meta property=\"og:url\" content=\"http:\/\/www.legraindesheures.ovh\/index.php\/2025\/06\/10\/dans-les-hautes-fagnes-au-printemps\/\" \/>\n<meta property=\"og:site_name\" content=\"Le grain des heures\" \/>\n<meta property=\"article:published_time\" content=\"2025-06-10T13:04:56+00:00\" \/>\n<meta property=\"article:modified_time\" content=\"2025-06-10T13:07:31+00:00\" \/>\n<meta property=\"og:image\" content=\"http:\/\/www.legraindesheures.ovh\/wp-content\/uploads\/2025\/06\/lr2025-5996-entete2-scaled.jpg\" \/>\n\t<meta property=\"og:image:width\" content=\"2560\" \/>\n\t<meta property=\"og:image:height\" content=\"1707\" \/>\n\t<meta property=\"og:image:type\" content=\"image\/jpeg\" \/>\n<meta name=\"author\" content=\"Muriel Turmes\" \/>\n<meta name=\"twitter:card\" content=\"summary_large_image\" \/>\n<meta name=\"twitter:label1\" content=\"\u00c9crit par\" \/>\n\t<meta name=\"twitter:data1\" content=\"Muriel Turmes\" \/>\n\t<meta name=\"twitter:label2\" content=\"Dur\u00e9e de lecture estim\u00e9e\" \/>\n\t<meta name=\"twitter:data2\" content=\"3 minutes\" \/>\n<script type=\"application\/ld+json\" class=\"yoast-schema-graph\">{\"@context\":\"https:\\\/\\\/schema.org\",\"@graph\":[{\"@type\":\"Article\",\"@id\":\"http:\\\/\\\/www.legraindesheures.ovh\\\/index.php\\\/2025\\\/06\\\/10\\\/dans-les-hautes-fagnes-au-printemps\\\/#article\",\"isPartOf\":{\"@id\":\"http:\\\/\\\/www.legraindesheures.ovh\\\/index.php\\\/2025\\\/06\\\/10\\\/dans-les-hautes-fagnes-au-printemps\\\/\"},\"author\":{\"name\":\"Muriel Turmes\",\"@id\":\"http:\\\/\\\/www.legraindesheures.ovh\\\/#\\\/schema\\\/person\\\/cfb99bdc37b2ce43399fe7748d89f161\"},\"headline\":\"Dans les Hautes Fagnes au printemps\",\"datePublished\":\"2025-06-10T13:04:56+00:00\",\"dateModified\":\"2025-06-10T13:07:31+00:00\",\"mainEntityOfPage\":{\"@id\":\"http:\\\/\\\/www.legraindesheures.ovh\\\/index.php\\\/2025\\\/06\\\/10\\\/dans-les-hautes-fagnes-au-printemps\\\/\"},\"wordCount\":179,\"publisher\":{\"@id\":\"http:\\\/\\\/www.legraindesheures.ovh\\\/#\\\/schema\\\/person\\\/cfb99bdc37b2ce43399fe7748d89f161\"},\"image\":{\"@id\":\"http:\\\/\\\/www.legraindesheures.ovh\\\/index.php\\\/2025\\\/06\\\/10\\\/dans-les-hautes-fagnes-au-printemps\\\/#primaryimage\"},\"thumbnailUrl\":\"https:\\\/\\\/www.legraindesheures.ovh\\\/wp-content\\\/uploads\\\/2025\\\/06\\\/lr2025-5996-entete2-scaled.jpg\",\"keywords\":[\"hautes fagnes\",\"photographie\",\"printemps\",\"wallonie\"],\"articleSection\":[\"Promenades\"],\"inLanguage\":\"fr-FR\"},{\"@type\":\"WebPage\",\"@id\":\"http:\\\/\\\/www.legraindesheures.ovh\\\/index.php\\\/2025\\\/06\\\/10\\\/dans-les-hautes-fagnes-au-printemps\\\/\",\"url\":\"http:\\\/\\\/www.legraindesheures.ovh\\\/index.php\\\/2025\\\/06\\\/10\\\/dans-les-hautes-fagnes-au-printemps\\\/\",\"name\":\"Dans les Hautes Fagnes au printemps - Le grain des heures %\",\"isPartOf\":{\"@id\":\"http:\\\/\\\/www.legraindesheures.ovh\\\/#website\"},\"primaryImageOfPage\":{\"@id\":\"http:\\\/\\\/www.legraindesheures.ovh\\\/index.php\\\/2025\\\/06\\\/10\\\/dans-les-hautes-fagnes-au-printemps\\\/#primaryimage\"},\"image\":{\"@id\":\"http:\\\/\\\/www.legraindesheures.ovh\\\/index.php\\\/2025\\\/06\\\/10\\\/dans-les-hautes-fagnes-au-printemps\\\/#primaryimage\"},\"thumbnailUrl\":\"https:\\\/\\\/www.legraindesheures.ovh\\\/wp-content\\\/uploads\\\/2025\\\/06\\\/lr2025-5996-entete2-scaled.jpg\",\"datePublished\":\"2025-06-10T13:04:56+00:00\",\"dateModified\":\"2025-06-10T13:07:31+00:00\",\"description\":\"Dans les Hautes Fagnes au printemps balade dans les hautes fagnes au printemps\",\"breadcrumb\":{\"@id\":\"http:\\\/\\\/www.legraindesheures.ovh\\\/index.php\\\/2025\\\/06\\\/10\\\/dans-les-hautes-fagnes-au-printemps\\\/#breadcrumb\"},\"inLanguage\":\"fr-FR\",\"potentialAction\":[{\"@type\":\"ReadAction\",\"target\":[\"http:\\\/\\\/www.legraindesheures.ovh\\\/index.php\\\/2025\\\/06\\\/10\\\/dans-les-hautes-fagnes-au-printemps\\\/\"]}]},{\"@type\":\"ImageObject\",\"inLanguage\":\"fr-FR\",\"@id\":\"http:\\\/\\\/www.legraindesheures.ovh\\\/index.php\\\/2025\\\/06\\\/10\\\/dans-les-hautes-fagnes-au-printemps\\\/#primaryimage\",\"url\":\"https:\\\/\\\/www.legraindesheures.ovh\\\/wp-content\\\/uploads\\\/2025\\\/06\\\/lr2025-5996-entete2-scaled.jpg\",\"contentUrl\":\"https:\\\/\\\/www.legraindesheures.ovh\\\/wp-content\\\/uploads\\\/2025\\\/06\\\/lr2025-5996-entete2-scaled.jpg\",\"width\":2560,\"height\":1707},{\"@type\":\"BreadcrumbList\",\"@id\":\"http:\\\/\\\/www.legraindesheures.ovh\\\/index.php\\\/2025\\\/06\\\/10\\\/dans-les-hautes-fagnes-au-printemps\\\/#breadcrumb\",\"itemListElement\":[{\"@type\":\"ListItem\",\"position\":1,\"name\":\"Accueil\",\"item\":\"http:\\\/\\\/www.legraindesheures.ovh\\\/\"},{\"@type\":\"ListItem\",\"position\":2,\"name\":\"Dans les Hautes Fagnes au printemps\"}]},{\"@type\":\"WebSite\",\"@id\":\"http:\\\/\\\/www.legraindesheures.ovh\\\/#website\",\"url\":\"http:\\\/\\\/www.legraindesheures.ovh\\\/\",\"name\":\"Le grain des heures\",\"description\":\"Beauty of ordinary days\",\"publisher\":{\"@id\":\"http:\\\/\\\/www.legraindesheures.ovh\\\/#\\\/schema\\\/person\\\/cfb99bdc37b2ce43399fe7748d89f161\"},\"potentialAction\":[{\"@type\":\"SearchAction\",\"target\":{\"@type\":\"EntryPoint\",\"urlTemplate\":\"http:\\\/\\\/www.legraindesheures.ovh\\\/?s={search_term_string}\"},\"query-input\":{\"@type\":\"PropertyValueSpecification\",\"valueRequired\":true,\"valueName\":\"search_term_string\"}}],\"inLanguage\":\"fr-FR\"},{\"@type\":[\"Person\",\"Organization\"],\"@id\":\"http:\\\/\\\/www.legraindesheures.ovh\\\/#\\\/schema\\\/person\\\/cfb99bdc37b2ce43399fe7748d89f161\",\"name\":\"Muriel Turmes\",\"image\":{\"@type\":\"ImageObject\",\"inLanguage\":\"fr-FR\",\"@id\":\"https:\\\/\\\/secure.gravatar.com\\\/avatar\\\/df648abd54fd30b1686f3a8a3ec6632be51efe0530ac9d0955f04ffb9bc5a65e?s=96&d=mm&r=g\",\"url\":\"https:\\\/\\\/secure.gravatar.com\\\/avatar\\\/df648abd54fd30b1686f3a8a3ec6632be51efe0530ac9d0955f04ffb9bc5a65e?s=96&d=mm&r=g\",\"contentUrl\":\"https:\\\/\\\/secure.gravatar.com\\\/avatar\\\/df648abd54fd30b1686f3a8a3ec6632be51efe0530ac9d0955f04ffb9bc5a65e?s=96&d=mm&r=g\",\"caption\":\"Muriel Turmes\"},\"logo\":{\"@id\":\"https:\\\/\\\/secure.gravatar.com\\\/avatar\\\/df648abd54fd30b1686f3a8a3ec6632be51efe0530ac9d0955f04ffb9bc5a65e?s=96&d=mm&r=g\"},\"sameAs\":[\"http:\\\/\\\/www.legraindesheures.ovh\",\"instagram.com\\\/murielturmes\\\/\"],\"url\":\"https:\\\/\\\/www.legraindesheures.ovh\\\/index.php\\\/author\\\/ese150906\\\/\"}]}<\/script>\n<!-- \/ Yoast SEO plugin. -->","yoast_head_json":{"title":"Dans les Hautes Fagnes au printemps - Le grain des heures %","description":"Dans les Hautes Fagnes au printemps balade dans les hautes fagnes au printemps","robots":{"index":"index","follow":"follow","max-snippet":"max-snippet:-1","max-image-preview":"max-image-preview:large","max-video-preview":"max-video-preview:-1"},"canonical":"http:\/\/www.legraindesheures.ovh\/index.php\/2025\/06\/10\/dans-les-hautes-fagnes-au-printemps\/","og_locale":"fr_FR","og_type":"article","og_title":"Dans les Hautes Fagnes au printemps - Le grain des heures %","og_description":"Dans les Hautes Fagnes au printemps balade dans les hautes fagnes au printemps","og_url":"http:\/\/www.legraindesheures.ovh\/index.php\/2025\/06\/10\/dans-les-hautes-fagnes-au-printemps\/","og_site_name":"Le grain des heures","article_published_time":"2025-06-10T13:04:56+00:00","article_modified_time":"2025-06-10T13:07:31+00:00","og_image":[{"width":2560,"height":1707,"url":"http:\/\/www.legraindesheures.ovh\/wp-content\/uploads\/2025\/06\/lr2025-5996-entete2-scaled.jpg","type":"image\/jpeg"}],"author":"Muriel Turmes","twitter_card":"summary_large_image","twitter_misc":{"\u00c9crit par":"Muriel Turmes","Dur\u00e9e de lecture estim\u00e9e":"3 minutes"},"schema":{"@context":"https:\/\/schema.org","@graph":[{"@type":"Article","@id":"http:\/\/www.legraindesheures.ovh\/index.php\/2025\/06\/10\/dans-les-hautes-fagnes-au-printemps\/#article","isPartOf":{"@id":"http:\/\/www.legraindesheures.ovh\/index.php\/2025\/06\/10\/dans-les-hautes-fagnes-au-printemps\/"},"author":{"name":"Muriel Turmes","@id":"http:\/\/www.legraindesheures.ovh\/#\/schema\/person\/cfb99bdc37b2ce43399fe7748d89f161"},"headline":"Dans les Hautes Fagnes au printemps","datePublished":"2025-06-10T13:04:56+00:00","dateModified":"2025-06-10T13:07:31+00:00","mainEntityOfPage":{"@id":"http:\/\/www.legraindesheures.ovh\/index.php\/2025\/06\/10\/dans-les-hautes-fagnes-au-printemps\/"},"wordCount":179,"publisher":{"@id":"http:\/\/www.legraindesheures.ovh\/#\/schema\/person\/cfb99bdc37b2ce43399fe7748d89f161"},"image":{"@id":"http:\/\/www.legraindesheures.ovh\/index.php\/2025\/06\/10\/dans-les-hautes-fagnes-au-printemps\/#primaryimage"},"thumbnailUrl":"https:\/\/www.legraindesheures.ovh\/wp-content\/uploads\/2025\/06\/lr2025-5996-entete2-scaled.jpg","keywords":["hautes fagnes","photographie","printemps","wallonie"],"articleSection":["Promenades"],"inLanguage":"fr-FR"},{"@type":"WebPage","@id":"http:\/\/www.legraindesheures.ovh\/index.php\/2025\/06\/10\/dans-les-hautes-fagnes-au-printemps\/","url":"http:\/\/www.legraindesheures.ovh\/index.php\/2025\/06\/10\/dans-les-hautes-fagnes-au-printemps\/","name":"Dans les Hautes Fagnes au printemps - Le grain des heures %","isPartOf":{"@id":"http:\/\/www.legraindesheures.ovh\/#website"},"primaryImageOfPage":{"@id":"http:\/\/www.legraindesheures.ovh\/index.php\/2025\/06\/10\/dans-les-hautes-fagnes-au-printemps\/#primaryimage"},"image":{"@id":"http:\/\/www.legraindesheures.ovh\/index.php\/2025\/06\/10\/dans-les-hautes-fagnes-au-printemps\/#primaryimage"},"thumbnailUrl":"https:\/\/www.legraindesheures.ovh\/wp-content\/uploads\/2025\/06\/lr2025-5996-entete2-scaled.jpg","datePublished":"2025-06-10T13:04:56+00:00","dateModified":"2025-06-10T13:07:31+00:00","description":"Dans les Hautes Fagnes au printemps balade dans les hautes fagnes au printemps","breadcrumb":{"@id":"http:\/\/www.legraindesheures.ovh\/index.php\/2025\/06\/10\/dans-les-hautes-fagnes-au-printemps\/#breadcrumb"},"inLanguage":"fr-FR","potentialAction":[{"@type":"ReadAction","target":["http:\/\/www.legraindesheures.ovh\/index.php\/2025\/06\/10\/dans-les-hautes-fagnes-au-printemps\/"]}]},{"@type":"ImageObject","inLanguage":"fr-FR","@id":"http:\/\/www.legraindesheures.ovh\/index.php\/2025\/06\/10\/dans-les-hautes-fagnes-au-printemps\/#primaryimage","url":"https:\/\/www.legraindesheures.ovh\/wp-content\/uploads\/2025\/06\/lr2025-5996-entete2-scaled.jpg","contentUrl":"https:\/\/www.legraindesheures.ovh\/wp-content\/uploads\/2025\/06\/lr2025-5996-entete2-scaled.jpg","width":2560,"height":1707},{"@type":"BreadcrumbList","@id":"http:\/\/www.legraindesheures.ovh\/index.php\/2025\/06\/10\/dans-les-hautes-fagnes-au-printemps\/#breadcrumb","itemListElement":[{"@type":"ListItem","position":1,"name":"Accueil","item":"http:\/\/www.legraindesheures.ovh\/"},{"@type":"ListItem","position":2,"name":"Dans les Hautes Fagnes au printemps"}]},{"@type":"WebSite","@id":"http:\/\/www.legraindesheures.ovh\/#website","url":"http:\/\/www.legraindesheures.ovh\/","name":"Le grain des heures","description":"Beauty of ordinary days","publisher":{"@id":"http:\/\/www.legraindesheures.ovh\/#\/schema\/person\/cfb99bdc37b2ce43399fe7748d89f161"},"potentialAction":[{"@type":"SearchAction","target":{"@type":"EntryPoint","urlTemplate":"http:\/\/www.legraindesheures.ovh\/?s={search_term_string}"},"query-input":{"@type":"PropertyValueSpecification","valueRequired":true,"valueName":"search_term_string"}}],"inLanguage":"fr-FR"},{"@type":["Person","Organization"],"@id":"http:\/\/www.legraindesheures.ovh\/#\/schema\/person\/cfb99bdc37b2ce43399fe7748d89f161","name":"Muriel Turmes","image":{"@type":"ImageObject","inLanguage":"fr-FR","@id":"https:\/\/secure.gravatar.com\/avatar\/df648abd54fd30b1686f3a8a3ec6632be51efe0530ac9d0955f04ffb9bc5a65e?s=96&d=mm&r=g","url":"https:\/\/secure.gravatar.com\/avatar\/df648abd54fd30b1686f3a8a3ec6632be51efe0530ac9d0955f04ffb9bc5a65e?s=96&d=mm&r=g","contentUrl":"https:\/\/secure.gravatar.com\/avatar\/df648abd54fd30b1686f3a8a3ec6632be51efe0530ac9d0955f04ffb9bc5a65e?s=96&d=mm&r=g","caption":"Muriel Turmes"},"logo":{"@id":"https:\/\/secure.gravatar.com\/avatar\/df648abd54fd30b1686f3a8a3ec6632be51efe0530ac9d0955f04ffb9bc5a65e?s=96&d=mm&r=g"},"sameAs":["http:\/\/www.legraindesheures.ovh","instagram.com\/murielturmes\/"],"url":"https:\/\/www.legraindesheures.ovh\/index.php\/author\/ese150906\/"}]}},"jetpack_featured_media_url":"https:\/\/www.legraindesheures.ovh\/wp-content\/uploads\/2025\/06\/lr2025-5996-entete2-scaled.jpg","jetpack_sharing_enabled":true,"_links":{"self":[{"href":"https:\/\/www.legraindesheures.ovh\/index.php\/wp-json\/wp\/v2\/posts\/179","targetHints":{"allow":["GET"]}}],"collection":[{"href":"https:\/\/www.legraindesheures.ovh\/index.php\/wp-json\/wp\/v2\/posts"}],"about":[{"href":"https:\/\/www.legraindesheures.ovh\/index.php\/wp-json\/wp\/v2\/types\/post"}],"author":[{"embeddable":true,"href":"https:\/\/www.legraindesheures.ovh\/index.php\/wp-json\/wp\/v2\/users\/1"}],"replies":[{"embeddable":true,"href":"https:\/\/www.legraindesheures.ovh\/index.php\/wp-json\/wp\/v2\/comments?post=179"}],"version-history":[{"count":3,"href":"https:\/\/www.legraindesheures.ovh\/index.php\/wp-json\/wp\/v2\/posts\/179\/revisions"}],"predecessor-version":[{"id":194,"href":"https:\/\/www.legraindesheures.ovh\/index.php\/wp-json\/wp\/v2\/posts\/179\/revisions\/194"}],"wp:featuredmedia":[{"embeddable":true,"href":"https:\/\/www.legraindesheures.ovh\/index.php\/wp-json\/wp\/v2\/media\/195"}],"wp:attachment":[{"href":"https:\/\/www.legraindesheures.ovh\/index.php\/wp-json\/wp\/v2\/media?parent=179"}],"wp:term":[{"taxonomy":"category","embeddable":true,"href":"https:\/\/www.legraindesheures.ovh\/index.php\/wp-json\/wp\/v2\/categories?post=179"},{"taxonomy":"post_tag","embeddable":true,"href":"https:\/\/www.legraindesheures.ovh\/index.php\/wp-json\/wp\/v2\/tags?post=179"}],"curies":[{"name":"wp","href":"https:\/\/api.w.org\/{rel}","templated":true}]}}