{"id":254,"date":"2025-09-17T10:02:03","date_gmt":"2025-09-17T08:02:03","guid":{"rendered":"https:\/\/www.legraindesheures.ovh\/?p=254"},"modified":"2025-09-17T16:26:21","modified_gmt":"2025-09-17T14:26:21","slug":"entre-lete-et-lautomne","status":"publish","type":"post","link":"https:\/\/www.legraindesheures.ovh\/index.php\/2025\/09\/17\/entre-lete-et-lautomne\/","title":{"rendered":"Entre l&rsquo;\u00e9t\u00e9 et l&rsquo;automne"},"content":{"rendered":"\n<p>L&rsquo;\u00e9t\u00e9 s&rsquo;efface doucement, en silence, sur la pointe des feuilles&#8230;. <\/p>\n\n\n\n<p><\/p>\n\n\n<div class=\"wp-block-image\">\n<figure class=\"aligncenter size-full\"><img loading=\"lazy\" decoding=\"async\" width=\"675\" height=\"900\" src=\"http:\/\/www.legraindesheures.ovh\/wp-content\/uploads\/2025\/09\/lr2025-0411-web.jpg\" alt=\"\" class=\"wp-image-255\" srcset=\"https:\/\/www.legraindesheures.ovh\/wp-content\/uploads\/2025\/09\/lr2025-0411-web.jpg 675w, https:\/\/www.legraindesheures.ovh\/wp-content\/uploads\/2025\/09\/lr2025-0411-web-225x300.jpg 225w, https:\/\/www.legraindesheures.ovh\/wp-content\/uploads\/2025\/09\/lr2025-0411-web-165x220.jpg 165w, https:\/\/www.legraindesheures.ovh\/wp-content\/uploads\/2025\/09\/lr2025-0411-web-359x479.jpg 359w\" sizes=\"auto, (max-width: 675px) 100vw, 675px\" \/><\/figure>\n<\/div>\n\n\n<p><\/p>\n\n\n\n<p>Entre chien et loup, l&rsquo;\u00e9t\u00e9 n&rsquo;est plus tout \u00e0 fait l\u00e0, l&rsquo;automne n&rsquo;a pas encore pris ses quartiers. C&rsquo;est le temps de l&rsquo;\u00e9quilibre, de l&rsquo;\u00e9quinoxe, un peu des deux, le meilleur des deux saisons. <\/p>\n\n\n\n<p><\/p>\n\n\n\n<figure class=\"wp-block-video\"><video height=\"1080\" style=\"aspect-ratio: 1920 \/ 1080;\" width=\"1920\" autoplay controls loop muted src=\"http:\/\/www.legraindesheures.ovh\/wp-content\/uploads\/2025\/09\/IMG_0418.mov\"><\/video><\/figure>\n\n\n\n<p><\/p>\n\n\n\n<p><\/p>\n\n\n\n<figure class=\"wp-block-gallery has-nested-images columns-default is-cropped wp-block-gallery-1 is-layout-flex wp-block-gallery-is-layout-flex\">\n<figure class=\"wp-block-image size-large\"><img loading=\"lazy\" decoding=\"async\" width=\"675\" height=\"900\" data-id=\"257\" src=\"https:\/\/www.legraindesheures.ovh\/wp-content\/uploads\/2025\/09\/lr2025-0414-web.jpg\" alt=\"for\u00eat\" class=\"wp-image-257\" srcset=\"https:\/\/www.legraindesheures.ovh\/wp-content\/uploads\/2025\/09\/lr2025-0414-web.jpg 675w, https:\/\/www.legraindesheures.ovh\/wp-content\/uploads\/2025\/09\/lr2025-0414-web-225x300.jpg 225w, https:\/\/www.legraindesheures.ovh\/wp-content\/uploads\/2025\/09\/lr2025-0414-web-165x220.jpg 165w, https:\/\/www.legraindesheures.ovh\/wp-content\/uploads\/2025\/09\/lr2025-0414-web-359x479.jpg 359w\" sizes=\"auto, (max-width: 675px) 100vw, 675px\" \/><\/figure>\n\n\n\n<figure class=\"wp-block-image size-large\"><img loading=\"lazy\" decoding=\"async\" width=\"675\" height=\"900\" data-id=\"259\" src=\"https:\/\/www.legraindesheures.ovh\/wp-content\/uploads\/2025\/09\/lr2025-0416-web.jpg\" alt=\"feuilles automne\" class=\"wp-image-259\" srcset=\"https:\/\/www.legraindesheures.ovh\/wp-content\/uploads\/2025\/09\/lr2025-0416-web.jpg 675w, https:\/\/www.legraindesheures.ovh\/wp-content\/uploads\/2025\/09\/lr2025-0416-web-225x300.jpg 225w, https:\/\/www.legraindesheures.ovh\/wp-content\/uploads\/2025\/09\/lr2025-0416-web-165x220.jpg 165w, https:\/\/www.legraindesheures.ovh\/wp-content\/uploads\/2025\/09\/lr2025-0416-web-359x479.jpg 359w\" sizes=\"auto, (max-width: 675px) 100vw, 675px\" \/><\/figure>\n\n\n\n<figure class=\"wp-block-image size-large\"><img loading=\"lazy\" decoding=\"async\" width=\"900\" height=\"675\" data-id=\"258\" src=\"https:\/\/www.legraindesheures.ovh\/wp-content\/uploads\/2025\/09\/lr2025-0415-web.jpg\" alt=\"foret\" class=\"wp-image-258\" srcset=\"https:\/\/www.legraindesheures.ovh\/wp-content\/uploads\/2025\/09\/lr2025-0415-web.jpg 900w, https:\/\/www.legraindesheures.ovh\/wp-content\/uploads\/2025\/09\/lr2025-0415-web-300x225.jpg 300w, https:\/\/www.legraindesheures.ovh\/wp-content\/uploads\/2025\/09\/lr2025-0415-web-768x576.jpg 768w, https:\/\/www.legraindesheures.ovh\/wp-content\/uploads\/2025\/09\/lr2025-0415-web-293x220.jpg 293w, https:\/\/www.legraindesheures.ovh\/wp-content\/uploads\/2025\/09\/lr2025-0415-web-359x269.jpg 359w\" sizes=\"auto, (max-width: 900px) 100vw, 900px\" \/><\/figure>\n<\/figure>\n\n\n\n<p><\/p>\n\n\n\n<p>J&rsquo;ai envie des odeurs de l&rsquo;automne, des ch\u00e2taignes grill\u00e9es, des matins frais, des feuilles qui crissent sous les godillots; mais je ne suis pas pr\u00eate \u00e0 abandonner la chaleur du soleil sur ma peau, ni la lumi\u00e8re, ni l&rsquo;abondance qu&rsquo;offre l&rsquo;\u00e9t\u00e9. <\/p>\n\n\n\n<p><\/p>\n\n\n<div class=\"wp-block-image\">\n<figure class=\"aligncenter size-full\"><img loading=\"lazy\" decoding=\"async\" width=\"675\" height=\"900\" src=\"http:\/\/www.legraindesheures.ovh\/wp-content\/uploads\/2025\/09\/lr2025-0419-web.jpg\" alt=\"\" class=\"wp-image-260\" srcset=\"https:\/\/www.legraindesheures.ovh\/wp-content\/uploads\/2025\/09\/lr2025-0419-web.jpg 675w, https:\/\/www.legraindesheures.ovh\/wp-content\/uploads\/2025\/09\/lr2025-0419-web-225x300.jpg 225w, https:\/\/www.legraindesheures.ovh\/wp-content\/uploads\/2025\/09\/lr2025-0419-web-165x220.jpg 165w, https:\/\/www.legraindesheures.ovh\/wp-content\/uploads\/2025\/09\/lr2025-0419-web-359x479.jpg 359w\" sizes=\"auto, (max-width: 675px) 100vw, 675px\" \/><\/figure>\n<\/div>\n\n\n<p><\/p>\n\n\n\n<p>Allez, j&rsquo;en reprends encore un petit peu de l&rsquo;\u00e9t\u00e9 &#8230;<\/p>\n","protected":false},"excerpt":{"rendered":"<p>L&rsquo;\u00e9t\u00e9 s&rsquo;efface doucement, en silence, sur la pointe des feuilles&#8230;. Entre chien et loup, l&rsquo;\u00e9t\u00e9 n&rsquo;est plus tout \u00e0 fait l\u00e0, l&rsquo;automne n&rsquo;a pas encore &hellip;<\/p>\n","protected":false},"author":1,"featured_media":256,"comment_status":"closed","ping_status":"open","sticky":false,"template":"","format":"standard","meta":{"_jetpack_memberships_contains_paid_content":false,"footnotes":""},"categories":[1,17],"tags":[22,24,21,23,25],"class_list":["post-254","post","type-post","status-publish","format-standard","has-post-thumbnail","hentry","category-non-classe","category-promenades","tag-automne","tag-bois","tag-ete","tag-foret","tag-promenade"],"yoast_head":"<!-- This site is optimized with the Yoast SEO plugin v27.5 - https:\/\/yoast.com\/product\/yoast-seo-wordpress\/ -->\n<title>Entre l&#039;\u00e9t\u00e9 et l&#039;automne - Le grain des heures<\/title>\n<meta name=\"robots\" content=\"index, follow, max-snippet:-1, max-image-preview:large, max-video-preview:-1\" \/>\n<link rel=\"canonical\" href=\"https:\/\/www.legraindesheures.ovh\/index.php\/2025\/09\/17\/entre-lete-et-lautomne\/\" \/>\n<meta property=\"og:locale\" content=\"fr_FR\" \/>\n<meta property=\"og:type\" content=\"article\" \/>\n<meta property=\"og:title\" content=\"Entre l&#039;\u00e9t\u00e9 et l&#039;automne - Le grain des heures\" \/>\n<meta property=\"og:description\" content=\"L&rsquo;\u00e9t\u00e9 s&rsquo;efface doucement, en silence, sur la pointe des feuilles&#8230;. Entre chien et loup, l&rsquo;\u00e9t\u00e9 n&rsquo;est plus tout \u00e0 fait l\u00e0, l&rsquo;automne n&rsquo;a pas encore &hellip;\" \/>\n<meta property=\"og:url\" content=\"https:\/\/www.legraindesheures.ovh\/index.php\/2025\/09\/17\/entre-lete-et-lautomne\/\" \/>\n<meta property=\"og:site_name\" content=\"Le grain des heures\" \/>\n<meta property=\"article:published_time\" content=\"2025-09-17T08:02:03+00:00\" \/>\n<meta property=\"article:modified_time\" content=\"2025-09-17T14:26:21+00:00\" \/>\n<meta property=\"og:image\" content=\"https:\/\/www.legraindesheures.ovh\/wp-content\/uploads\/2025\/09\/lr2025-0413-entete-1024x768.jpg\" \/>\n\t<meta property=\"og:image:width\" content=\"1024\" \/>\n\t<meta property=\"og:image:height\" content=\"768\" \/>\n\t<meta property=\"og:image:type\" content=\"image\/jpeg\" \/>\n<meta name=\"author\" content=\"Muriel Turmes\" \/>\n<meta name=\"twitter:card\" content=\"summary_large_image\" \/>\n<meta name=\"twitter:label1\" content=\"\u00c9crit par\" \/>\n\t<meta name=\"twitter:data1\" content=\"Muriel Turmes\" \/>\n\t<meta name=\"twitter:label2\" content=\"Dur\u00e9e de lecture estim\u00e9e\" \/>\n\t<meta name=\"twitter:data2\" content=\"2 minutes\" \/>\n<script type=\"application\/ld+json\" class=\"yoast-schema-graph\">{\"@context\":\"https:\\\/\\\/schema.org\",\"@graph\":[{\"@type\":\"Article\",\"@id\":\"https:\\\/\\\/www.legraindesheures.ovh\\\/index.php\\\/2025\\\/09\\\/17\\\/entre-lete-et-lautomne\\\/#article\",\"isPartOf\":{\"@id\":\"https:\\\/\\\/www.legraindesheures.ovh\\\/index.php\\\/2025\\\/09\\\/17\\\/entre-lete-et-lautomne\\\/\"},\"author\":{\"name\":\"Muriel Turmes\",\"@id\":\"http:\\\/\\\/www.legraindesheures.ovh\\\/#\\\/schema\\\/person\\\/cfb99bdc37b2ce43399fe7748d89f161\"},\"headline\":\"Entre l&rsquo;\u00e9t\u00e9 et l&rsquo;automne\",\"datePublished\":\"2025-09-17T08:02:03+00:00\",\"dateModified\":\"2025-09-17T14:26:21+00:00\",\"mainEntityOfPage\":{\"@id\":\"https:\\\/\\\/www.legraindesheures.ovh\\\/index.php\\\/2025\\\/09\\\/17\\\/entre-lete-et-lautomne\\\/\"},\"wordCount\":107,\"publisher\":{\"@id\":\"http:\\\/\\\/www.legraindesheures.ovh\\\/#\\\/schema\\\/person\\\/cfb99bdc37b2ce43399fe7748d89f161\"},\"image\":{\"@id\":\"https:\\\/\\\/www.legraindesheures.ovh\\\/index.php\\\/2025\\\/09\\\/17\\\/entre-lete-et-lautomne\\\/#primaryimage\"},\"thumbnailUrl\":\"https:\\\/\\\/www.legraindesheures.ovh\\\/wp-content\\\/uploads\\\/2025\\\/09\\\/lr2025-0413-entete-scaled.jpg\",\"keywords\":[\"automne\",\"bois\",\"\u00e9t\u00e9\",\"foret\",\"promenade\"],\"articleSection\":{\"1\":\"Promenades\"},\"inLanguage\":\"fr-FR\"},{\"@type\":\"WebPage\",\"@id\":\"https:\\\/\\\/www.legraindesheures.ovh\\\/index.php\\\/2025\\\/09\\\/17\\\/entre-lete-et-lautomne\\\/\",\"url\":\"https:\\\/\\\/www.legraindesheures.ovh\\\/index.php\\\/2025\\\/09\\\/17\\\/entre-lete-et-lautomne\\\/\",\"name\":\"Entre l'\u00e9t\u00e9 et l'automne - Le grain des heures\",\"isPartOf\":{\"@id\":\"http:\\\/\\\/www.legraindesheures.ovh\\\/#website\"},\"primaryImageOfPage\":{\"@id\":\"https:\\\/\\\/www.legraindesheures.ovh\\\/index.php\\\/2025\\\/09\\\/17\\\/entre-lete-et-lautomne\\\/#primaryimage\"},\"image\":{\"@id\":\"https:\\\/\\\/www.legraindesheures.ovh\\\/index.php\\\/2025\\\/09\\\/17\\\/entre-lete-et-lautomne\\\/#primaryimage\"},\"thumbnailUrl\":\"https:\\\/\\\/www.legraindesheures.ovh\\\/wp-content\\\/uploads\\\/2025\\\/09\\\/lr2025-0413-entete-scaled.jpg\",\"datePublished\":\"2025-09-17T08:02:03+00:00\",\"dateModified\":\"2025-09-17T14:26:21+00:00\",\"breadcrumb\":{\"@id\":\"https:\\\/\\\/www.legraindesheures.ovh\\\/index.php\\\/2025\\\/09\\\/17\\\/entre-lete-et-lautomne\\\/#breadcrumb\"},\"inLanguage\":\"fr-FR\",\"potentialAction\":[{\"@type\":\"ReadAction\",\"target\":[\"https:\\\/\\\/www.legraindesheures.ovh\\\/index.php\\\/2025\\\/09\\\/17\\\/entre-lete-et-lautomne\\\/\"]}]},{\"@type\":\"ImageObject\",\"inLanguage\":\"fr-FR\",\"@id\":\"https:\\\/\\\/www.legraindesheures.ovh\\\/index.php\\\/2025\\\/09\\\/17\\\/entre-lete-et-lautomne\\\/#primaryimage\",\"url\":\"https:\\\/\\\/www.legraindesheures.ovh\\\/wp-content\\\/uploads\\\/2025\\\/09\\\/lr2025-0413-entete-scaled.jpg\",\"contentUrl\":\"https:\\\/\\\/www.legraindesheures.ovh\\\/wp-content\\\/uploads\\\/2025\\\/09\\\/lr2025-0413-entete-scaled.jpg\",\"width\":2560,\"height\":1920,\"caption\":\"foret fin \u00e9t\u00e9\"},{\"@type\":\"BreadcrumbList\",\"@id\":\"https:\\\/\\\/www.legraindesheures.ovh\\\/index.php\\\/2025\\\/09\\\/17\\\/entre-lete-et-lautomne\\\/#breadcrumb\",\"itemListElement\":[{\"@type\":\"ListItem\",\"position\":1,\"name\":\"Accueil\",\"item\":\"http:\\\/\\\/www.legraindesheures.ovh\\\/\"},{\"@type\":\"ListItem\",\"position\":2,\"name\":\"Entre l&rsquo;\u00e9t\u00e9 et l&rsquo;automne\"}]},{\"@type\":\"WebSite\",\"@id\":\"http:\\\/\\\/www.legraindesheures.ovh\\\/#website\",\"url\":\"http:\\\/\\\/www.legraindesheures.ovh\\\/\",\"name\":\"Le grain des heures\",\"description\":\"Beauty of ordinary days\",\"publisher\":{\"@id\":\"http:\\\/\\\/www.legraindesheures.ovh\\\/#\\\/schema\\\/person\\\/cfb99bdc37b2ce43399fe7748d89f161\"},\"potentialAction\":[{\"@type\":\"SearchAction\",\"target\":{\"@type\":\"EntryPoint\",\"urlTemplate\":\"http:\\\/\\\/www.legraindesheures.ovh\\\/?s={search_term_string}\"},\"query-input\":{\"@type\":\"PropertyValueSpecification\",\"valueRequired\":true,\"valueName\":\"search_term_string\"}}],\"inLanguage\":\"fr-FR\"},{\"@type\":[\"Person\",\"Organization\"],\"@id\":\"http:\\\/\\\/www.legraindesheures.ovh\\\/#\\\/schema\\\/person\\\/cfb99bdc37b2ce43399fe7748d89f161\",\"name\":\"Muriel Turmes\",\"image\":{\"@type\":\"ImageObject\",\"inLanguage\":\"fr-FR\",\"@id\":\"https:\\\/\\\/secure.gravatar.com\\\/avatar\\\/df648abd54fd30b1686f3a8a3ec6632be51efe0530ac9d0955f04ffb9bc5a65e?s=96&d=mm&r=g\",\"url\":\"https:\\\/\\\/secure.gravatar.com\\\/avatar\\\/df648abd54fd30b1686f3a8a3ec6632be51efe0530ac9d0955f04ffb9bc5a65e?s=96&d=mm&r=g\",\"contentUrl\":\"https:\\\/\\\/secure.gravatar.com\\\/avatar\\\/df648abd54fd30b1686f3a8a3ec6632be51efe0530ac9d0955f04ffb9bc5a65e?s=96&d=mm&r=g\",\"caption\":\"Muriel Turmes\"},\"logo\":{\"@id\":\"https:\\\/\\\/secure.gravatar.com\\\/avatar\\\/df648abd54fd30b1686f3a8a3ec6632be51efe0530ac9d0955f04ffb9bc5a65e?s=96&d=mm&r=g\"},\"sameAs\":[\"http:\\\/\\\/www.legraindesheures.ovh\",\"instagram.com\\\/murielturmes\\\/\"],\"url\":\"https:\\\/\\\/www.legraindesheures.ovh\\\/index.php\\\/author\\\/ese150906\\\/\"}]}<\/script>\n<!-- \/ Yoast SEO plugin. -->","yoast_head_json":{"title":"Entre l'\u00e9t\u00e9 et l'automne - Le grain des heures","robots":{"index":"index","follow":"follow","max-snippet":"max-snippet:-1","max-image-preview":"max-image-preview:large","max-video-preview":"max-video-preview:-1"},"canonical":"https:\/\/www.legraindesheures.ovh\/index.php\/2025\/09\/17\/entre-lete-et-lautomne\/","og_locale":"fr_FR","og_type":"article","og_title":"Entre l'\u00e9t\u00e9 et l'automne - Le grain des heures","og_description":"L&rsquo;\u00e9t\u00e9 s&rsquo;efface doucement, en silence, sur la pointe des feuilles&#8230;. Entre chien et loup, l&rsquo;\u00e9t\u00e9 n&rsquo;est plus tout \u00e0 fait l\u00e0, l&rsquo;automne n&rsquo;a pas encore &hellip;","og_url":"https:\/\/www.legraindesheures.ovh\/index.php\/2025\/09\/17\/entre-lete-et-lautomne\/","og_site_name":"Le grain des heures","article_published_time":"2025-09-17T08:02:03+00:00","article_modified_time":"2025-09-17T14:26:21+00:00","og_image":[{"width":1024,"height":768,"url":"https:\/\/www.legraindesheures.ovh\/wp-content\/uploads\/2025\/09\/lr2025-0413-entete-1024x768.jpg","type":"image\/jpeg"}],"author":"Muriel Turmes","twitter_card":"summary_large_image","twitter_misc":{"\u00c9crit par":"Muriel Turmes","Dur\u00e9e de lecture estim\u00e9e":"2 minutes"},"schema":{"@context":"https:\/\/schema.org","@graph":[{"@type":"Article","@id":"https:\/\/www.legraindesheures.ovh\/index.php\/2025\/09\/17\/entre-lete-et-lautomne\/#article","isPartOf":{"@id":"https:\/\/www.legraindesheures.ovh\/index.php\/2025\/09\/17\/entre-lete-et-lautomne\/"},"author":{"name":"Muriel Turmes","@id":"http:\/\/www.legraindesheures.ovh\/#\/schema\/person\/cfb99bdc37b2ce43399fe7748d89f161"},"headline":"Entre l&rsquo;\u00e9t\u00e9 et l&rsquo;automne","datePublished":"2025-09-17T08:02:03+00:00","dateModified":"2025-09-17T14:26:21+00:00","mainEntityOfPage":{"@id":"https:\/\/www.legraindesheures.ovh\/index.php\/2025\/09\/17\/entre-lete-et-lautomne\/"},"wordCount":107,"publisher":{"@id":"http:\/\/www.legraindesheures.ovh\/#\/schema\/person\/cfb99bdc37b2ce43399fe7748d89f161"},"image":{"@id":"https:\/\/www.legraindesheures.ovh\/index.php\/2025\/09\/17\/entre-lete-et-lautomne\/#primaryimage"},"thumbnailUrl":"https:\/\/www.legraindesheures.ovh\/wp-content\/uploads\/2025\/09\/lr2025-0413-entete-scaled.jpg","keywords":["automne","bois","\u00e9t\u00e9","foret","promenade"],"articleSection":{"1":"Promenades"},"inLanguage":"fr-FR"},{"@type":"WebPage","@id":"https:\/\/www.legraindesheures.ovh\/index.php\/2025\/09\/17\/entre-lete-et-lautomne\/","url":"https:\/\/www.legraindesheures.ovh\/index.php\/2025\/09\/17\/entre-lete-et-lautomne\/","name":"Entre l'\u00e9t\u00e9 et l'automne - Le grain des heures","isPartOf":{"@id":"http:\/\/www.legraindesheures.ovh\/#website"},"primaryImageOfPage":{"@id":"https:\/\/www.legraindesheures.ovh\/index.php\/2025\/09\/17\/entre-lete-et-lautomne\/#primaryimage"},"image":{"@id":"https:\/\/www.legraindesheures.ovh\/index.php\/2025\/09\/17\/entre-lete-et-lautomne\/#primaryimage"},"thumbnailUrl":"https:\/\/www.legraindesheures.ovh\/wp-content\/uploads\/2025\/09\/lr2025-0413-entete-scaled.jpg","datePublished":"2025-09-17T08:02:03+00:00","dateModified":"2025-09-17T14:26:21+00:00","breadcrumb":{"@id":"https:\/\/www.legraindesheures.ovh\/index.php\/2025\/09\/17\/entre-lete-et-lautomne\/#breadcrumb"},"inLanguage":"fr-FR","potentialAction":[{"@type":"ReadAction","target":["https:\/\/www.legraindesheures.ovh\/index.php\/2025\/09\/17\/entre-lete-et-lautomne\/"]}]},{"@type":"ImageObject","inLanguage":"fr-FR","@id":"https:\/\/www.legraindesheures.ovh\/index.php\/2025\/09\/17\/entre-lete-et-lautomne\/#primaryimage","url":"https:\/\/www.legraindesheures.ovh\/wp-content\/uploads\/2025\/09\/lr2025-0413-entete-scaled.jpg","contentUrl":"https:\/\/www.legraindesheures.ovh\/wp-content\/uploads\/2025\/09\/lr2025-0413-entete-scaled.jpg","width":2560,"height":1920,"caption":"foret fin \u00e9t\u00e9"},{"@type":"BreadcrumbList","@id":"https:\/\/www.legraindesheures.ovh\/index.php\/2025\/09\/17\/entre-lete-et-lautomne\/#breadcrumb","itemListElement":[{"@type":"ListItem","position":1,"name":"Accueil","item":"http:\/\/www.legraindesheures.ovh\/"},{"@type":"ListItem","position":2,"name":"Entre l&rsquo;\u00e9t\u00e9 et l&rsquo;automne"}]},{"@type":"WebSite","@id":"http:\/\/www.legraindesheures.ovh\/#website","url":"http:\/\/www.legraindesheures.ovh\/","name":"Le grain des heures","description":"Beauty of ordinary days","publisher":{"@id":"http:\/\/www.legraindesheures.ovh\/#\/schema\/person\/cfb99bdc37b2ce43399fe7748d89f161"},"potentialAction":[{"@type":"SearchAction","target":{"@type":"EntryPoint","urlTemplate":"http:\/\/www.legraindesheures.ovh\/?s={search_term_string}"},"query-input":{"@type":"PropertyValueSpecification","valueRequired":true,"valueName":"search_term_string"}}],"inLanguage":"fr-FR"},{"@type":["Person","Organization"],"@id":"http:\/\/www.legraindesheures.ovh\/#\/schema\/person\/cfb99bdc37b2ce43399fe7748d89f161","name":"Muriel Turmes","image":{"@type":"ImageObject","inLanguage":"fr-FR","@id":"https:\/\/secure.gravatar.com\/avatar\/df648abd54fd30b1686f3a8a3ec6632be51efe0530ac9d0955f04ffb9bc5a65e?s=96&d=mm&r=g","url":"https:\/\/secure.gravatar.com\/avatar\/df648abd54fd30b1686f3a8a3ec6632be51efe0530ac9d0955f04ffb9bc5a65e?s=96&d=mm&r=g","contentUrl":"https:\/\/secure.gravatar.com\/avatar\/df648abd54fd30b1686f3a8a3ec6632be51efe0530ac9d0955f04ffb9bc5a65e?s=96&d=mm&r=g","caption":"Muriel Turmes"},"logo":{"@id":"https:\/\/secure.gravatar.com\/avatar\/df648abd54fd30b1686f3a8a3ec6632be51efe0530ac9d0955f04ffb9bc5a65e?s=96&d=mm&r=g"},"sameAs":["http:\/\/www.legraindesheures.ovh","instagram.com\/murielturmes\/"],"url":"https:\/\/www.legraindesheures.ovh\/index.php\/author\/ese150906\/"}]}},"jetpack_featured_media_url":"https:\/\/www.legraindesheures.ovh\/wp-content\/uploads\/2025\/09\/lr2025-0413-entete-scaled.jpg","jetpack_sharing_enabled":true,"_links":{"self":[{"href":"https:\/\/www.legraindesheures.ovh\/index.php\/wp-json\/wp\/v2\/posts\/254","targetHints":{"allow":["GET"]}}],"collection":[{"href":"https:\/\/www.legraindesheures.ovh\/index.php\/wp-json\/wp\/v2\/posts"}],"about":[{"href":"https:\/\/www.legraindesheures.ovh\/index.php\/wp-json\/wp\/v2\/types\/post"}],"author":[{"embeddable":true,"href":"https:\/\/www.legraindesheures.ovh\/index.php\/wp-json\/wp\/v2\/users\/1"}],"replies":[{"embeddable":true,"href":"https:\/\/www.legraindesheures.ovh\/index.php\/wp-json\/wp\/v2\/comments?post=254"}],"version-history":[{"count":3,"href":"https:\/\/www.legraindesheures.ovh\/index.php\/wp-json\/wp\/v2\/posts\/254\/revisions"}],"predecessor-version":[{"id":264,"href":"https:\/\/www.legraindesheures.ovh\/index.php\/wp-json\/wp\/v2\/posts\/254\/revisions\/264"}],"wp:featuredmedia":[{"embeddable":true,"href":"https:\/\/www.legraindesheures.ovh\/index.php\/wp-json\/wp\/v2\/media\/256"}],"wp:attachment":[{"href":"https:\/\/www.legraindesheures.ovh\/index.php\/wp-json\/wp\/v2\/media?parent=254"}],"wp:term":[{"taxonomy":"category","embeddable":true,"href":"https:\/\/www.legraindesheures.ovh\/index.php\/wp-json\/wp\/v2\/categories?post=254"},{"taxonomy":"post_tag","embeddable":true,"href":"https:\/\/www.legraindesheures.ovh\/index.php\/wp-json\/wp\/v2\/tags?post=254"}],"curies":[{"name":"wp","href":"https:\/\/api.w.org\/{rel}","templated":true}]}}