{"id":266,"date":"2025-09-18T12:01:32","date_gmt":"2025-09-18T10:01:32","guid":{"rendered":"https:\/\/www.legraindesheures.ovh\/?p=266"},"modified":"2025-09-17T16:26:28","modified_gmt":"2025-09-17T14:26:28","slug":"mini-cheesecake-dautomne","status":"publish","type":"post","link":"https:\/\/www.legraindesheures.ovh\/index.php\/2025\/09\/18\/mini-cheesecake-dautomne\/","title":{"rendered":"Mini cheesecake d&rsquo;automne"},"content":{"rendered":"\n<blockquote class=\"wp-block-quote is-layout-flow wp-block-quote-is-layout-flow\">\n<p><em>Il y a des jours o\u00f9 l\u2019on cueille le temps comme on cueille des pommes : doucement, avec l\u2019envie de le transformer en quelque chose de tendre et parfum\u00e9.<\/em><\/p>\n<\/blockquote>\n\n\n\n<p><\/p>\n\n\n\n<figure class=\"wp-block-image size-large\"><img loading=\"lazy\" decoding=\"async\" width=\"1024\" height=\"683\" src=\"https:\/\/www.legraindesheures.ovh\/wp-content\/uploads\/2025\/09\/lr2025-6165-1024x683.jpg\" alt=\"\" class=\"wp-image-271\" srcset=\"https:\/\/www.legraindesheures.ovh\/wp-content\/uploads\/2025\/09\/lr2025-6165-1024x683.jpg 1024w, https:\/\/www.legraindesheures.ovh\/wp-content\/uploads\/2025\/09\/lr2025-6165-300x200.jpg 300w, https:\/\/www.legraindesheures.ovh\/wp-content\/uploads\/2025\/09\/lr2025-6165-768x512.jpg 768w, https:\/\/www.legraindesheures.ovh\/wp-content\/uploads\/2025\/09\/lr2025-6165-1536x1024.jpg 1536w, https:\/\/www.legraindesheures.ovh\/wp-content\/uploads\/2025\/09\/lr2025-6165-2048x1365.jpg 2048w, https:\/\/www.legraindesheures.ovh\/wp-content\/uploads\/2025\/09\/lr2025-6165-330x220.jpg 330w, https:\/\/www.legraindesheures.ovh\/wp-content\/uploads\/2025\/09\/lr2025-6165-359x239.jpg 359w\" sizes=\"auto, (max-width: 1024px) 100vw, 1024px\" \/><\/figure>\n\n\n\n<p><\/p>\n\n\n\n<p>L\u2019automne s\u2019installe, le temps se rafraichit, les soir\u00e9es s&rsquo;allongent la promesse de quelques des douceurs \u00e0 grignoter. Dans la cuisine, il y a toujours quelques ingr\u00e9dients inutilis\u00e9s qui attendent dans le frigo. Ce jour-l\u00e0, il restait un peu de m\u00e9lange biscuit\u00e9 (des pommes au four de la veille), quelques bananes bien m\u00fbres, un reste de fromage blanc et une envie de cr\u00e9er des bouch\u00e9es qui r\u00e9chauffent le c\u0153ur.<\/p>\n\n\n\n<p><\/p>\n\n\n<div class=\"wp-block-image\">\n<figure class=\"aligncenter size-full\"><img loading=\"lazy\" decoding=\"async\" width=\"600\" height=\"900\" src=\"http:\/\/www.legraindesheures.ovh\/wp-content\/uploads\/2025\/09\/lr2025-6198-web.jpg\" alt=\"\" class=\"wp-image-275\" srcset=\"https:\/\/www.legraindesheures.ovh\/wp-content\/uploads\/2025\/09\/lr2025-6198-web.jpg 600w, https:\/\/www.legraindesheures.ovh\/wp-content\/uploads\/2025\/09\/lr2025-6198-web-200x300.jpg 200w, https:\/\/www.legraindesheures.ovh\/wp-content\/uploads\/2025\/09\/lr2025-6198-web-147x220.jpg 147w, https:\/\/www.legraindesheures.ovh\/wp-content\/uploads\/2025\/09\/lr2025-6198-web-359x539.jpg 359w\" sizes=\"auto, (max-width: 600px) 100vw, 600px\" \/><\/figure>\n<\/div>\n\n\n<p><\/p>\n\n\n\n<p>Ces <strong>mini-cheesecakes<\/strong> sont n\u00e9s comme \u00e7a, entre le croustillant des cantucci et le fondant du fromage blanc. Une recette simple, mais pleine de textures et de nuances, \u00e0 glisser dans un carnet de saison, \u00e0 offrir autour d\u2019un th\u00e9 fumant ou \u00e0 d\u00e9vorer juste par gourmandise.<\/p>\n\n\n\n<p><\/p>\n\n\n<div class=\"wp-block-image\">\n<figure class=\"aligncenter size-full\"><img loading=\"lazy\" decoding=\"async\" width=\"600\" height=\"900\" src=\"http:\/\/www.legraindesheures.ovh\/wp-content\/uploads\/2025\/09\/lr2025-6176-web.jpg\" alt=\"mini cheesecake\" class=\"wp-image-272\" srcset=\"https:\/\/www.legraindesheures.ovh\/wp-content\/uploads\/2025\/09\/lr2025-6176-web.jpg 600w, https:\/\/www.legraindesheures.ovh\/wp-content\/uploads\/2025\/09\/lr2025-6176-web-200x300.jpg 200w, https:\/\/www.legraindesheures.ovh\/wp-content\/uploads\/2025\/09\/lr2025-6176-web-147x220.jpg 147w, https:\/\/www.legraindesheures.ovh\/wp-content\/uploads\/2025\/09\/lr2025-6176-web-359x539.jpg 359w\" sizes=\"auto, (max-width: 600px) 100vw, 600px\" \/><\/figure>\n<\/div>\n\n\n<p><\/p>\n\n\n\n<figure class=\"wp-block-image size-large\"><img loading=\"lazy\" decoding=\"async\" width=\"796\" height=\"1024\" src=\"https:\/\/www.legraindesheures.ovh\/wp-content\/uploads\/2025\/09\/mini-cheesecake-796x1024.jpg\" alt=\"\" class=\"wp-image-270\" srcset=\"https:\/\/www.legraindesheures.ovh\/wp-content\/uploads\/2025\/09\/mini-cheesecake-796x1024.jpg 796w, https:\/\/www.legraindesheures.ovh\/wp-content\/uploads\/2025\/09\/mini-cheesecake-233x300.jpg 233w, https:\/\/www.legraindesheures.ovh\/wp-content\/uploads\/2025\/09\/mini-cheesecake-768x987.jpg 768w, https:\/\/www.legraindesheures.ovh\/wp-content\/uploads\/2025\/09\/mini-cheesecake-1195x1536.jpg 1195w, https:\/\/www.legraindesheures.ovh\/wp-content\/uploads\/2025\/09\/mini-cheesecake-1593x2048.jpg 1593w, https:\/\/www.legraindesheures.ovh\/wp-content\/uploads\/2025\/09\/mini-cheesecake-171x220.jpg 171w, https:\/\/www.legraindesheures.ovh\/wp-content\/uploads\/2025\/09\/mini-cheesecake-359x462.jpg 359w, https:\/\/www.legraindesheures.ovh\/wp-content\/uploads\/2025\/09\/mini-cheesecake.jpg 1792w\" sizes=\"auto, (max-width: 796px) 100vw, 796px\" \/><\/figure>\n\n\n\n<p><\/p>\n\n\n<div class=\"wp-block-image\">\n<figure class=\"aligncenter size-full\"><img loading=\"lazy\" decoding=\"async\" width=\"900\" height=\"600\" src=\"http:\/\/www.legraindesheures.ovh\/wp-content\/uploads\/2025\/09\/lr2025-6197-web.jpg\" alt=\"\" class=\"wp-image-274\" srcset=\"https:\/\/www.legraindesheures.ovh\/wp-content\/uploads\/2025\/09\/lr2025-6197-web.jpg 900w, https:\/\/www.legraindesheures.ovh\/wp-content\/uploads\/2025\/09\/lr2025-6197-web-300x200.jpg 300w, https:\/\/www.legraindesheures.ovh\/wp-content\/uploads\/2025\/09\/lr2025-6197-web-768x512.jpg 768w, https:\/\/www.legraindesheures.ovh\/wp-content\/uploads\/2025\/09\/lr2025-6197-web-330x220.jpg 330w, https:\/\/www.legraindesheures.ovh\/wp-content\/uploads\/2025\/09\/lr2025-6197-web-359x239.jpg 359w\" sizes=\"auto, (max-width: 900px) 100vw, 900px\" \/><\/figure>\n<\/div>\n\n\n<p><\/p>\n\n\n\n<p>Tu viens boire un caf\u00e9 ? <\/p>\n\n\n\n<p><\/p>\n","protected":false},"excerpt":{"rendered":"<p>Il y a des jours o\u00f9 l\u2019on cueille le temps comme on cueille des pommes : doucement, avec l\u2019envie de le transformer en quelque chose &hellip;<\/p>\n","protected":false},"author":1,"featured_media":273,"comment_status":"closed","ping_status":"open","sticky":false,"template":"","format":"standard","meta":{"_jetpack_memberships_contains_paid_content":false,"footnotes":""},"categories":[30],"tags":[22,29,28,26,27,18],"class_list":["post-266","post","type-post","status-publish","format-standard","has-post-thumbnail","hentry","category-cuisine","tag-automne","tag-banane","tag-chessecake","tag-foodphotography","tag-mini-chessecake","tag-photographie"],"yoast_head":"<!-- This site is optimized with the Yoast SEO plugin v27.5 - https:\/\/yoast.com\/product\/yoast-seo-wordpress\/ -->\n<title>Mini cheesecake d&#039;automne - Le grain des heures<\/title>\n<meta name=\"robots\" content=\"index, follow, max-snippet:-1, max-image-preview:large, max-video-preview:-1\" \/>\n<link rel=\"canonical\" href=\"https:\/\/www.legraindesheures.ovh\/index.php\/2025\/09\/18\/mini-cheesecake-dautomne\/\" \/>\n<meta property=\"og:locale\" content=\"fr_FR\" \/>\n<meta property=\"og:type\" content=\"article\" \/>\n<meta property=\"og:title\" content=\"Mini cheesecake d&#039;automne - Le grain des heures\" \/>\n<meta property=\"og:description\" content=\"Il y a des jours o\u00f9 l\u2019on cueille le temps comme on cueille des pommes : doucement, avec l\u2019envie de le transformer en quelque chose &hellip;\" \/>\n<meta property=\"og:url\" content=\"https:\/\/www.legraindesheures.ovh\/index.php\/2025\/09\/18\/mini-cheesecake-dautomne\/\" \/>\n<meta property=\"og:site_name\" content=\"Le grain des heures\" \/>\n<meta property=\"article:published_time\" content=\"2025-09-18T10:01:32+00:00\" \/>\n<meta property=\"og:image\" content=\"https:\/\/www.legraindesheures.ovh\/wp-content\/uploads\/2025\/09\/lr2025-6180-entete-scaled.jpg\" \/>\n\t<meta property=\"og:image:width\" content=\"2560\" \/>\n\t<meta property=\"og:image:height\" content=\"1706\" \/>\n\t<meta property=\"og:image:type\" content=\"image\/jpeg\" \/>\n<meta name=\"author\" content=\"Muriel Turmes\" \/>\n<meta name=\"twitter:card\" content=\"summary_large_image\" \/>\n<meta name=\"twitter:label1\" content=\"\u00c9crit par\" \/>\n\t<meta name=\"twitter:data1\" content=\"Muriel Turmes\" \/>\n\t<meta name=\"twitter:label2\" content=\"Dur\u00e9e de lecture estim\u00e9e\" \/>\n\t<meta name=\"twitter:data2\" content=\"2 minutes\" \/>\n<script type=\"application\/ld+json\" class=\"yoast-schema-graph\">{\"@context\":\"https:\\\/\\\/schema.org\",\"@graph\":[{\"@type\":\"Article\",\"@id\":\"https:\\\/\\\/www.legraindesheures.ovh\\\/index.php\\\/2025\\\/09\\\/18\\\/mini-cheesecake-dautomne\\\/#article\",\"isPartOf\":{\"@id\":\"https:\\\/\\\/www.legraindesheures.ovh\\\/index.php\\\/2025\\\/09\\\/18\\\/mini-cheesecake-dautomne\\\/\"},\"author\":{\"name\":\"Muriel Turmes\",\"@id\":\"http:\\\/\\\/www.legraindesheures.ovh\\\/#\\\/schema\\\/person\\\/cfb99bdc37b2ce43399fe7748d89f161\"},\"headline\":\"Mini cheesecake d&rsquo;automne\",\"datePublished\":\"2025-09-18T10:01:32+00:00\",\"mainEntityOfPage\":{\"@id\":\"https:\\\/\\\/www.legraindesheures.ovh\\\/index.php\\\/2025\\\/09\\\/18\\\/mini-cheesecake-dautomne\\\/\"},\"wordCount\":162,\"publisher\":{\"@id\":\"http:\\\/\\\/www.legraindesheures.ovh\\\/#\\\/schema\\\/person\\\/cfb99bdc37b2ce43399fe7748d89f161\"},\"image\":{\"@id\":\"https:\\\/\\\/www.legraindesheures.ovh\\\/index.php\\\/2025\\\/09\\\/18\\\/mini-cheesecake-dautomne\\\/#primaryimage\"},\"thumbnailUrl\":\"https:\\\/\\\/www.legraindesheures.ovh\\\/wp-content\\\/uploads\\\/2025\\\/09\\\/lr2025-6180-entete-scaled.jpg\",\"keywords\":[\"automne\",\"banane\",\"chessecake\",\"foodphotography\",\"mini chessecake\",\"photographie\"],\"articleSection\":[\"Cuisine\"],\"inLanguage\":\"fr-FR\"},{\"@type\":\"WebPage\",\"@id\":\"https:\\\/\\\/www.legraindesheures.ovh\\\/index.php\\\/2025\\\/09\\\/18\\\/mini-cheesecake-dautomne\\\/\",\"url\":\"https:\\\/\\\/www.legraindesheures.ovh\\\/index.php\\\/2025\\\/09\\\/18\\\/mini-cheesecake-dautomne\\\/\",\"name\":\"Mini cheesecake d'automne - Le grain des heures\",\"isPartOf\":{\"@id\":\"http:\\\/\\\/www.legraindesheures.ovh\\\/#website\"},\"primaryImageOfPage\":{\"@id\":\"https:\\\/\\\/www.legraindesheures.ovh\\\/index.php\\\/2025\\\/09\\\/18\\\/mini-cheesecake-dautomne\\\/#primaryimage\"},\"image\":{\"@id\":\"https:\\\/\\\/www.legraindesheures.ovh\\\/index.php\\\/2025\\\/09\\\/18\\\/mini-cheesecake-dautomne\\\/#primaryimage\"},\"thumbnailUrl\":\"https:\\\/\\\/www.legraindesheures.ovh\\\/wp-content\\\/uploads\\\/2025\\\/09\\\/lr2025-6180-entete-scaled.jpg\",\"datePublished\":\"2025-09-18T10:01:32+00:00\",\"breadcrumb\":{\"@id\":\"https:\\\/\\\/www.legraindesheures.ovh\\\/index.php\\\/2025\\\/09\\\/18\\\/mini-cheesecake-dautomne\\\/#breadcrumb\"},\"inLanguage\":\"fr-FR\",\"potentialAction\":[{\"@type\":\"ReadAction\",\"target\":[\"https:\\\/\\\/www.legraindesheures.ovh\\\/index.php\\\/2025\\\/09\\\/18\\\/mini-cheesecake-dautomne\\\/\"]}]},{\"@type\":\"ImageObject\",\"inLanguage\":\"fr-FR\",\"@id\":\"https:\\\/\\\/www.legraindesheures.ovh\\\/index.php\\\/2025\\\/09\\\/18\\\/mini-cheesecake-dautomne\\\/#primaryimage\",\"url\":\"https:\\\/\\\/www.legraindesheures.ovh\\\/wp-content\\\/uploads\\\/2025\\\/09\\\/lr2025-6180-entete-scaled.jpg\",\"contentUrl\":\"https:\\\/\\\/www.legraindesheures.ovh\\\/wp-content\\\/uploads\\\/2025\\\/09\\\/lr2025-6180-entete-scaled.jpg\",\"width\":2560,\"height\":1706},{\"@type\":\"BreadcrumbList\",\"@id\":\"https:\\\/\\\/www.legraindesheures.ovh\\\/index.php\\\/2025\\\/09\\\/18\\\/mini-cheesecake-dautomne\\\/#breadcrumb\",\"itemListElement\":[{\"@type\":\"ListItem\",\"position\":1,\"name\":\"Accueil\",\"item\":\"http:\\\/\\\/www.legraindesheures.ovh\\\/\"},{\"@type\":\"ListItem\",\"position\":2,\"name\":\"Mini cheesecake d&rsquo;automne\"}]},{\"@type\":\"WebSite\",\"@id\":\"http:\\\/\\\/www.legraindesheures.ovh\\\/#website\",\"url\":\"http:\\\/\\\/www.legraindesheures.ovh\\\/\",\"name\":\"Le grain des heures\",\"description\":\"Beauty of ordinary days\",\"publisher\":{\"@id\":\"http:\\\/\\\/www.legraindesheures.ovh\\\/#\\\/schema\\\/person\\\/cfb99bdc37b2ce43399fe7748d89f161\"},\"potentialAction\":[{\"@type\":\"SearchAction\",\"target\":{\"@type\":\"EntryPoint\",\"urlTemplate\":\"http:\\\/\\\/www.legraindesheures.ovh\\\/?s={search_term_string}\"},\"query-input\":{\"@type\":\"PropertyValueSpecification\",\"valueRequired\":true,\"valueName\":\"search_term_string\"}}],\"inLanguage\":\"fr-FR\"},{\"@type\":[\"Person\",\"Organization\"],\"@id\":\"http:\\\/\\\/www.legraindesheures.ovh\\\/#\\\/schema\\\/person\\\/cfb99bdc37b2ce43399fe7748d89f161\",\"name\":\"Muriel Turmes\",\"image\":{\"@type\":\"ImageObject\",\"inLanguage\":\"fr-FR\",\"@id\":\"https:\\\/\\\/secure.gravatar.com\\\/avatar\\\/df648abd54fd30b1686f3a8a3ec6632be51efe0530ac9d0955f04ffb9bc5a65e?s=96&d=mm&r=g\",\"url\":\"https:\\\/\\\/secure.gravatar.com\\\/avatar\\\/df648abd54fd30b1686f3a8a3ec6632be51efe0530ac9d0955f04ffb9bc5a65e?s=96&d=mm&r=g\",\"contentUrl\":\"https:\\\/\\\/secure.gravatar.com\\\/avatar\\\/df648abd54fd30b1686f3a8a3ec6632be51efe0530ac9d0955f04ffb9bc5a65e?s=96&d=mm&r=g\",\"caption\":\"Muriel Turmes\"},\"logo\":{\"@id\":\"https:\\\/\\\/secure.gravatar.com\\\/avatar\\\/df648abd54fd30b1686f3a8a3ec6632be51efe0530ac9d0955f04ffb9bc5a65e?s=96&d=mm&r=g\"},\"sameAs\":[\"http:\\\/\\\/www.legraindesheures.ovh\",\"instagram.com\\\/murielturmes\\\/\"],\"url\":\"https:\\\/\\\/www.legraindesheures.ovh\\\/index.php\\\/author\\\/ese150906\\\/\"}]}<\/script>\n<!-- \/ Yoast SEO plugin. -->","yoast_head_json":{"title":"Mini cheesecake d'automne - Le grain des heures","robots":{"index":"index","follow":"follow","max-snippet":"max-snippet:-1","max-image-preview":"max-image-preview:large","max-video-preview":"max-video-preview:-1"},"canonical":"https:\/\/www.legraindesheures.ovh\/index.php\/2025\/09\/18\/mini-cheesecake-dautomne\/","og_locale":"fr_FR","og_type":"article","og_title":"Mini cheesecake d'automne - Le grain des heures","og_description":"Il y a des jours o\u00f9 l\u2019on cueille le temps comme on cueille des pommes : doucement, avec l\u2019envie de le transformer en quelque chose &hellip;","og_url":"https:\/\/www.legraindesheures.ovh\/index.php\/2025\/09\/18\/mini-cheesecake-dautomne\/","og_site_name":"Le grain des heures","article_published_time":"2025-09-18T10:01:32+00:00","og_image":[{"width":2560,"height":1706,"url":"https:\/\/www.legraindesheures.ovh\/wp-content\/uploads\/2025\/09\/lr2025-6180-entete-scaled.jpg","type":"image\/jpeg"}],"author":"Muriel Turmes","twitter_card":"summary_large_image","twitter_misc":{"\u00c9crit par":"Muriel Turmes","Dur\u00e9e de lecture estim\u00e9e":"2 minutes"},"schema":{"@context":"https:\/\/schema.org","@graph":[{"@type":"Article","@id":"https:\/\/www.legraindesheures.ovh\/index.php\/2025\/09\/18\/mini-cheesecake-dautomne\/#article","isPartOf":{"@id":"https:\/\/www.legraindesheures.ovh\/index.php\/2025\/09\/18\/mini-cheesecake-dautomne\/"},"author":{"name":"Muriel Turmes","@id":"http:\/\/www.legraindesheures.ovh\/#\/schema\/person\/cfb99bdc37b2ce43399fe7748d89f161"},"headline":"Mini cheesecake d&rsquo;automne","datePublished":"2025-09-18T10:01:32+00:00","mainEntityOfPage":{"@id":"https:\/\/www.legraindesheures.ovh\/index.php\/2025\/09\/18\/mini-cheesecake-dautomne\/"},"wordCount":162,"publisher":{"@id":"http:\/\/www.legraindesheures.ovh\/#\/schema\/person\/cfb99bdc37b2ce43399fe7748d89f161"},"image":{"@id":"https:\/\/www.legraindesheures.ovh\/index.php\/2025\/09\/18\/mini-cheesecake-dautomne\/#primaryimage"},"thumbnailUrl":"https:\/\/www.legraindesheures.ovh\/wp-content\/uploads\/2025\/09\/lr2025-6180-entete-scaled.jpg","keywords":["automne","banane","chessecake","foodphotography","mini chessecake","photographie"],"articleSection":["Cuisine"],"inLanguage":"fr-FR"},{"@type":"WebPage","@id":"https:\/\/www.legraindesheures.ovh\/index.php\/2025\/09\/18\/mini-cheesecake-dautomne\/","url":"https:\/\/www.legraindesheures.ovh\/index.php\/2025\/09\/18\/mini-cheesecake-dautomne\/","name":"Mini cheesecake d'automne - Le grain des heures","isPartOf":{"@id":"http:\/\/www.legraindesheures.ovh\/#website"},"primaryImageOfPage":{"@id":"https:\/\/www.legraindesheures.ovh\/index.php\/2025\/09\/18\/mini-cheesecake-dautomne\/#primaryimage"},"image":{"@id":"https:\/\/www.legraindesheures.ovh\/index.php\/2025\/09\/18\/mini-cheesecake-dautomne\/#primaryimage"},"thumbnailUrl":"https:\/\/www.legraindesheures.ovh\/wp-content\/uploads\/2025\/09\/lr2025-6180-entete-scaled.jpg","datePublished":"2025-09-18T10:01:32+00:00","breadcrumb":{"@id":"https:\/\/www.legraindesheures.ovh\/index.php\/2025\/09\/18\/mini-cheesecake-dautomne\/#breadcrumb"},"inLanguage":"fr-FR","potentialAction":[{"@type":"ReadAction","target":["https:\/\/www.legraindesheures.ovh\/index.php\/2025\/09\/18\/mini-cheesecake-dautomne\/"]}]},{"@type":"ImageObject","inLanguage":"fr-FR","@id":"https:\/\/www.legraindesheures.ovh\/index.php\/2025\/09\/18\/mini-cheesecake-dautomne\/#primaryimage","url":"https:\/\/www.legraindesheures.ovh\/wp-content\/uploads\/2025\/09\/lr2025-6180-entete-scaled.jpg","contentUrl":"https:\/\/www.legraindesheures.ovh\/wp-content\/uploads\/2025\/09\/lr2025-6180-entete-scaled.jpg","width":2560,"height":1706},{"@type":"BreadcrumbList","@id":"https:\/\/www.legraindesheures.ovh\/index.php\/2025\/09\/18\/mini-cheesecake-dautomne\/#breadcrumb","itemListElement":[{"@type":"ListItem","position":1,"name":"Accueil","item":"http:\/\/www.legraindesheures.ovh\/"},{"@type":"ListItem","position":2,"name":"Mini cheesecake d&rsquo;automne"}]},{"@type":"WebSite","@id":"http:\/\/www.legraindesheures.ovh\/#website","url":"http:\/\/www.legraindesheures.ovh\/","name":"Le grain des heures","description":"Beauty of ordinary days","publisher":{"@id":"http:\/\/www.legraindesheures.ovh\/#\/schema\/person\/cfb99bdc37b2ce43399fe7748d89f161"},"potentialAction":[{"@type":"SearchAction","target":{"@type":"EntryPoint","urlTemplate":"http:\/\/www.legraindesheures.ovh\/?s={search_term_string}"},"query-input":{"@type":"PropertyValueSpecification","valueRequired":true,"valueName":"search_term_string"}}],"inLanguage":"fr-FR"},{"@type":["Person","Organization"],"@id":"http:\/\/www.legraindesheures.ovh\/#\/schema\/person\/cfb99bdc37b2ce43399fe7748d89f161","name":"Muriel Turmes","image":{"@type":"ImageObject","inLanguage":"fr-FR","@id":"https:\/\/secure.gravatar.com\/avatar\/df648abd54fd30b1686f3a8a3ec6632be51efe0530ac9d0955f04ffb9bc5a65e?s=96&d=mm&r=g","url":"https:\/\/secure.gravatar.com\/avatar\/df648abd54fd30b1686f3a8a3ec6632be51efe0530ac9d0955f04ffb9bc5a65e?s=96&d=mm&r=g","contentUrl":"https:\/\/secure.gravatar.com\/avatar\/df648abd54fd30b1686f3a8a3ec6632be51efe0530ac9d0955f04ffb9bc5a65e?s=96&d=mm&r=g","caption":"Muriel Turmes"},"logo":{"@id":"https:\/\/secure.gravatar.com\/avatar\/df648abd54fd30b1686f3a8a3ec6632be51efe0530ac9d0955f04ffb9bc5a65e?s=96&d=mm&r=g"},"sameAs":["http:\/\/www.legraindesheures.ovh","instagram.com\/murielturmes\/"],"url":"https:\/\/www.legraindesheures.ovh\/index.php\/author\/ese150906\/"}]}},"jetpack_featured_media_url":"https:\/\/www.legraindesheures.ovh\/wp-content\/uploads\/2025\/09\/lr2025-6180-entete-scaled.jpg","jetpack_sharing_enabled":true,"_links":{"self":[{"href":"https:\/\/www.legraindesheures.ovh\/index.php\/wp-json\/wp\/v2\/posts\/266","targetHints":{"allow":["GET"]}}],"collection":[{"href":"https:\/\/www.legraindesheures.ovh\/index.php\/wp-json\/wp\/v2\/posts"}],"about":[{"href":"https:\/\/www.legraindesheures.ovh\/index.php\/wp-json\/wp\/v2\/types\/post"}],"author":[{"embeddable":true,"href":"https:\/\/www.legraindesheures.ovh\/index.php\/wp-json\/wp\/v2\/users\/1"}],"replies":[{"embeddable":true,"href":"https:\/\/www.legraindesheures.ovh\/index.php\/wp-json\/wp\/v2\/comments?post=266"}],"version-history":[{"count":4,"href":"https:\/\/www.legraindesheures.ovh\/index.php\/wp-json\/wp\/v2\/posts\/266\/revisions"}],"predecessor-version":[{"id":277,"href":"https:\/\/www.legraindesheures.ovh\/index.php\/wp-json\/wp\/v2\/posts\/266\/revisions\/277"}],"wp:featuredmedia":[{"embeddable":true,"href":"https:\/\/www.legraindesheures.ovh\/index.php\/wp-json\/wp\/v2\/media\/273"}],"wp:attachment":[{"href":"https:\/\/www.legraindesheures.ovh\/index.php\/wp-json\/wp\/v2\/media?parent=266"}],"wp:term":[{"taxonomy":"category","embeddable":true,"href":"https:\/\/www.legraindesheures.ovh\/index.php\/wp-json\/wp\/v2\/categories?post=266"},{"taxonomy":"post_tag","embeddable":true,"href":"https:\/\/www.legraindesheures.ovh\/index.php\/wp-json\/wp\/v2\/tags?post=266"}],"curies":[{"name":"wp","href":"https:\/\/api.w.org\/{rel}","templated":true}]}}