{"id":278,"date":"2025-09-21T17:43:43","date_gmt":"2025-09-21T15:43:43","guid":{"rendered":"https:\/\/www.legraindesheures.ovh\/?p=278"},"modified":"2025-09-21T17:46:32","modified_gmt":"2025-09-21T15:46:32","slug":"derniers-petales-carnet-visuel-du-jardin","status":"publish","type":"post","link":"https:\/\/www.legraindesheures.ovh\/index.php\/2025\/09\/21\/derniers-petales-carnet-visuel-du-jardin\/","title":{"rendered":"Derniers p\u00e9tales &#8211; carnet visuel du jardin"},"content":{"rendered":"\n<p>Quand les jours raccourcissent et que la lumi\u00e8re devient dor\u00e9e, le jardin murmure encore. Les roses, la bourrache et les gauras, offrent leurs derniers p\u00e9tales, comme une r\u00e9v\u00e9rence \u00e0 la saison. Ce carnet visuel rassemble les derni\u00e8res floraisons du jardin en septembre, ouvrez les yeux, cherchez la magie ! <\/p>\n\n\n\n<p><\/p>\n\n\n<div class=\"wp-block-image\">\n<figure class=\"aligncenter size-full\"><img loading=\"lazy\" decoding=\"async\" width=\"900\" height=\"600\" src=\"http:\/\/www.legraindesheures.ovh\/wp-content\/uploads\/2025\/09\/lr2025-6138-web.jpg\" alt=\"gaurarose en fin de saison dans un jardin belge\" class=\"wp-image-286\" srcset=\"https:\/\/www.legraindesheures.ovh\/wp-content\/uploads\/2025\/09\/lr2025-6138-web.jpg 900w, https:\/\/www.legraindesheures.ovh\/wp-content\/uploads\/2025\/09\/lr2025-6138-web-300x200.jpg 300w, https:\/\/www.legraindesheures.ovh\/wp-content\/uploads\/2025\/09\/lr2025-6138-web-768x512.jpg 768w, https:\/\/www.legraindesheures.ovh\/wp-content\/uploads\/2025\/09\/lr2025-6138-web-330x220.jpg 330w, https:\/\/www.legraindesheures.ovh\/wp-content\/uploads\/2025\/09\/lr2025-6138-web-359x239.jpg 359w\" sizes=\"auto, (max-width: 900px) 100vw, 900px\" \/><\/figure>\n<\/div>\n\n\n<p><\/p>\n\n\n\n<figure class=\"wp-block-image size-full\"><img loading=\"lazy\" decoding=\"async\" width=\"900\" height=\"600\" src=\"http:\/\/www.legraindesheures.ovh\/wp-content\/uploads\/2025\/09\/lr2025-6130-web.jpg\" alt=\"bourrache dans un jardin en septembre \u2013 floraison tardive\" class=\"wp-image-281\" srcset=\"https:\/\/www.legraindesheures.ovh\/wp-content\/uploads\/2025\/09\/lr2025-6130-web.jpg 900w, https:\/\/www.legraindesheures.ovh\/wp-content\/uploads\/2025\/09\/lr2025-6130-web-300x200.jpg 300w, https:\/\/www.legraindesheures.ovh\/wp-content\/uploads\/2025\/09\/lr2025-6130-web-768x512.jpg 768w, https:\/\/www.legraindesheures.ovh\/wp-content\/uploads\/2025\/09\/lr2025-6130-web-330x220.jpg 330w, https:\/\/www.legraindesheures.ovh\/wp-content\/uploads\/2025\/09\/lr2025-6130-web-359x239.jpg 359w\" sizes=\"auto, (max-width: 900px) 100vw, 900px\" \/><\/figure>\n\n\n\n<p><\/p>\n\n\n\n<figure class=\"wp-block-gallery has-nested-images columns-default is-cropped wp-block-gallery-1 is-layout-flex wp-block-gallery-is-layout-flex\">\n<figure class=\"wp-block-image size-large\"><img loading=\"lazy\" decoding=\"async\" width=\"600\" height=\"900\" data-id=\"285\" src=\"https:\/\/www.legraindesheures.ovh\/wp-content\/uploads\/2025\/09\/lr2025-6135-web.jpg\" alt=\"bourrache dans un jardin en septembre \u2013 floraison tardive\" class=\"wp-image-285\" srcset=\"https:\/\/www.legraindesheures.ovh\/wp-content\/uploads\/2025\/09\/lr2025-6135-web.jpg 600w, https:\/\/www.legraindesheures.ovh\/wp-content\/uploads\/2025\/09\/lr2025-6135-web-200x300.jpg 200w, https:\/\/www.legraindesheures.ovh\/wp-content\/uploads\/2025\/09\/lr2025-6135-web-147x220.jpg 147w, https:\/\/www.legraindesheures.ovh\/wp-content\/uploads\/2025\/09\/lr2025-6135-web-359x539.jpg 359w\" sizes=\"auto, (max-width: 600px) 100vw, 600px\" \/><\/figure>\n\n\n\n<figure class=\"wp-block-image size-large\"><img loading=\"lazy\" decoding=\"async\" width=\"600\" height=\"900\" data-id=\"284\" src=\"https:\/\/www.legraindesheures.ovh\/wp-content\/uploads\/2025\/09\/lr2025-6132-web.jpg\" alt=\"bourrache dans un jardin en septembre \u2013 floraison tardive\" class=\"wp-image-284\" srcset=\"https:\/\/www.legraindesheures.ovh\/wp-content\/uploads\/2025\/09\/lr2025-6132-web.jpg 600w, https:\/\/www.legraindesheures.ovh\/wp-content\/uploads\/2025\/09\/lr2025-6132-web-200x300.jpg 200w, https:\/\/www.legraindesheures.ovh\/wp-content\/uploads\/2025\/09\/lr2025-6132-web-147x220.jpg 147w, https:\/\/www.legraindesheures.ovh\/wp-content\/uploads\/2025\/09\/lr2025-6132-web-359x539.jpg 359w\" sizes=\"auto, (max-width: 600px) 100vw, 600px\" \/><\/figure>\n<\/figure>\n\n\n\n<p><\/p>\n\n\n<div class=\"wp-block-image\">\n<figure class=\"aligncenter size-full\"><img loading=\"lazy\" decoding=\"async\" width=\"900\" height=\"600\" src=\"http:\/\/www.legraindesheures.ovh\/wp-content\/uploads\/2025\/09\/lr2025-6127-web.jpg\" alt=\"g\u00e9ranium sauvage en fin de saison dans un jardin belge\" class=\"wp-image-283\" srcset=\"https:\/\/www.legraindesheures.ovh\/wp-content\/uploads\/2025\/09\/lr2025-6127-web.jpg 900w, https:\/\/www.legraindesheures.ovh\/wp-content\/uploads\/2025\/09\/lr2025-6127-web-300x200.jpg 300w, https:\/\/www.legraindesheures.ovh\/wp-content\/uploads\/2025\/09\/lr2025-6127-web-768x512.jpg 768w, https:\/\/www.legraindesheures.ovh\/wp-content\/uploads\/2025\/09\/lr2025-6127-web-330x220.jpg 330w, https:\/\/www.legraindesheures.ovh\/wp-content\/uploads\/2025\/09\/lr2025-6127-web-359x239.jpg 359w\" sizes=\"auto, (max-width: 900px) 100vw, 900px\" \/><\/figure>\n<\/div>\n\n\n<p><\/p>\n\n\n<div class=\"wp-block-image\">\n<figure class=\"aligncenter size-full\"><img loading=\"lazy\" decoding=\"async\" width=\"600\" height=\"900\" src=\"http:\/\/www.legraindesheures.ovh\/wp-content\/uploads\/2025\/09\/lr2025-6131-web.jpg\" alt=\"bourrache en fin de saison dans un jardin belge\" class=\"wp-image-282\" srcset=\"https:\/\/www.legraindesheures.ovh\/wp-content\/uploads\/2025\/09\/lr2025-6131-web.jpg 600w, https:\/\/www.legraindesheures.ovh\/wp-content\/uploads\/2025\/09\/lr2025-6131-web-200x300.jpg 200w, https:\/\/www.legraindesheures.ovh\/wp-content\/uploads\/2025\/09\/lr2025-6131-web-147x220.jpg 147w, https:\/\/www.legraindesheures.ovh\/wp-content\/uploads\/2025\/09\/lr2025-6131-web-359x539.jpg 359w\" sizes=\"auto, (max-width: 600px) 100vw, 600px\" \/><\/figure>\n<\/div>\n\n\n<p><\/p>\n\n\n\n<blockquote class=\"wp-block-quote is-layout-flow wp-block-quote-is-layout-flow\">\n<p>Le jardin ralentit, mais il ne se tait pas. Ces derni\u00e8res floraisons sont des murmures, des gestes simples, des couleurs qui s\u2019attardent. Et vous, que vous murmurent les derni\u00e8res fleurs de votre jardin? <\/p>\n<\/blockquote>\n","protected":false},"excerpt":{"rendered":"<p>Quand les jours raccourcissent et que la lumi\u00e8re devient dor\u00e9e, le jardin murmure encore. Les roses, la bourrache et les gauras, offrent leurs derniers p\u00e9tales, &hellip;<\/p>\n","protected":false},"author":1,"featured_media":279,"comment_status":"closed","ping_status":"open","sticky":false,"template":"","format":"standard","meta":{"_jetpack_memberships_contains_paid_content":false,"footnotes":""},"categories":[8],"tags":[22,32,31,34,33,35],"class_list":["post-278","post","type-post","status-publish","format-standard","has-post-thumbnail","hentry","category-un-tour-au-jardin","tag-automne","tag-carnet-visuel","tag-fleurs-de-septembre","tag-floraisons-tardives","tag-jardin-belge","tag-photo-de-jardin"],"yoast_head":"<!-- This site is optimized with the Yoast SEO plugin v27.5 - https:\/\/yoast.com\/product\/yoast-seo-wordpress\/ -->\n<title>Derniers p\u00e9tales - carnet visuel du jardin - Le grain des heures<\/title>\n<meta name=\"description\" content=\"Carnet visuel des derni\u00e8res floraisons du jardin en septembre, bourrache, gaura ambiance po\u00e9tique au c\u0153ur de la Belgique.\" \/>\n<meta name=\"robots\" content=\"index, follow, max-snippet:-1, max-image-preview:large, max-video-preview:-1\" \/>\n<link rel=\"canonical\" href=\"http:\/\/www.legraindesheures.ovh\/index.php\/2025\/09\/21\/derniers-petales-carnet-visuel-du-jardin\/\" \/>\n<meta property=\"og:locale\" content=\"fr_FR\" \/>\n<meta property=\"og:type\" content=\"article\" \/>\n<meta property=\"og:title\" content=\"Derniers p\u00e9tales - carnet visuel du jardin - Le grain des heures\" \/>\n<meta property=\"og:description\" content=\"Carnet visuel des derni\u00e8res floraisons du jardin en septembre, bourrache, gaura ambiance po\u00e9tique au c\u0153ur de la Belgique.\" \/>\n<meta property=\"og:url\" content=\"http:\/\/www.legraindesheures.ovh\/index.php\/2025\/09\/21\/derniers-petales-carnet-visuel-du-jardin\/\" \/>\n<meta property=\"og:site_name\" content=\"Le grain des heures\" \/>\n<meta property=\"article:published_time\" content=\"2025-09-21T15:43:43+00:00\" \/>\n<meta property=\"article:modified_time\" content=\"2025-09-21T15:46:32+00:00\" \/>\n<meta property=\"og:image\" content=\"http:\/\/www.legraindesheures.ovh\/wp-content\/uploads\/2025\/09\/lr2025-6129-entete-scaled.jpg\" \/>\n\t<meta property=\"og:image:width\" content=\"2560\" \/>\n\t<meta property=\"og:image:height\" content=\"1707\" \/>\n\t<meta property=\"og:image:type\" content=\"image\/jpeg\" \/>\n<meta name=\"author\" content=\"Muriel Turmes\" \/>\n<meta name=\"twitter:card\" content=\"summary_large_image\" \/>\n<meta name=\"twitter:label1\" content=\"\u00c9crit par\" \/>\n\t<meta name=\"twitter:data1\" content=\"Muriel Turmes\" \/>\n\t<meta name=\"twitter:label2\" content=\"Dur\u00e9e de lecture estim\u00e9e\" \/>\n\t<meta name=\"twitter:data2\" content=\"2 minutes\" \/>\n<script type=\"application\/ld+json\" class=\"yoast-schema-graph\">{\"@context\":\"https:\\\/\\\/schema.org\",\"@graph\":[{\"@type\":\"Article\",\"@id\":\"http:\\\/\\\/www.legraindesheures.ovh\\\/index.php\\\/2025\\\/09\\\/21\\\/derniers-petales-carnet-visuel-du-jardin\\\/#article\",\"isPartOf\":{\"@id\":\"http:\\\/\\\/www.legraindesheures.ovh\\\/index.php\\\/2025\\\/09\\\/21\\\/derniers-petales-carnet-visuel-du-jardin\\\/\"},\"author\":{\"name\":\"Muriel Turmes\",\"@id\":\"http:\\\/\\\/www.legraindesheures.ovh\\\/#\\\/schema\\\/person\\\/cfb99bdc37b2ce43399fe7748d89f161\"},\"headline\":\"Derniers p\u00e9tales &#8211; carnet visuel du jardin\",\"datePublished\":\"2025-09-21T15:43:43+00:00\",\"dateModified\":\"2025-09-21T15:46:32+00:00\",\"mainEntityOfPage\":{\"@id\":\"http:\\\/\\\/www.legraindesheures.ovh\\\/index.php\\\/2025\\\/09\\\/21\\\/derniers-petales-carnet-visuel-du-jardin\\\/\"},\"wordCount\":97,\"publisher\":{\"@id\":\"http:\\\/\\\/www.legraindesheures.ovh\\\/#\\\/schema\\\/person\\\/cfb99bdc37b2ce43399fe7748d89f161\"},\"image\":{\"@id\":\"http:\\\/\\\/www.legraindesheures.ovh\\\/index.php\\\/2025\\\/09\\\/21\\\/derniers-petales-carnet-visuel-du-jardin\\\/#primaryimage\"},\"thumbnailUrl\":\"https:\\\/\\\/www.legraindesheures.ovh\\\/wp-content\\\/uploads\\\/2025\\\/09\\\/lr2025-6129-entete-scaled.jpg\",\"keywords\":[\"automne\",\"carnet visuel\",\"fleurs de septembre\",\"floraisons tardives\",\"jardin belge\",\"photo de jardin\"],\"articleSection\":[\"Un tour au jardin\"],\"inLanguage\":\"fr-FR\"},{\"@type\":\"WebPage\",\"@id\":\"http:\\\/\\\/www.legraindesheures.ovh\\\/index.php\\\/2025\\\/09\\\/21\\\/derniers-petales-carnet-visuel-du-jardin\\\/\",\"url\":\"http:\\\/\\\/www.legraindesheures.ovh\\\/index.php\\\/2025\\\/09\\\/21\\\/derniers-petales-carnet-visuel-du-jardin\\\/\",\"name\":\"Derniers p\u00e9tales - carnet visuel du jardin - Le grain des heures\",\"isPartOf\":{\"@id\":\"http:\\\/\\\/www.legraindesheures.ovh\\\/#website\"},\"primaryImageOfPage\":{\"@id\":\"http:\\\/\\\/www.legraindesheures.ovh\\\/index.php\\\/2025\\\/09\\\/21\\\/derniers-petales-carnet-visuel-du-jardin\\\/#primaryimage\"},\"image\":{\"@id\":\"http:\\\/\\\/www.legraindesheures.ovh\\\/index.php\\\/2025\\\/09\\\/21\\\/derniers-petales-carnet-visuel-du-jardin\\\/#primaryimage\"},\"thumbnailUrl\":\"https:\\\/\\\/www.legraindesheures.ovh\\\/wp-content\\\/uploads\\\/2025\\\/09\\\/lr2025-6129-entete-scaled.jpg\",\"datePublished\":\"2025-09-21T15:43:43+00:00\",\"dateModified\":\"2025-09-21T15:46:32+00:00\",\"description\":\"Carnet visuel des derni\u00e8res floraisons du jardin en septembre, bourrache, gaura ambiance po\u00e9tique au c\u0153ur de la Belgique.\",\"breadcrumb\":{\"@id\":\"http:\\\/\\\/www.legraindesheures.ovh\\\/index.php\\\/2025\\\/09\\\/21\\\/derniers-petales-carnet-visuel-du-jardin\\\/#breadcrumb\"},\"inLanguage\":\"fr-FR\",\"potentialAction\":[{\"@type\":\"ReadAction\",\"target\":[\"http:\\\/\\\/www.legraindesheures.ovh\\\/index.php\\\/2025\\\/09\\\/21\\\/derniers-petales-carnet-visuel-du-jardin\\\/\"]}]},{\"@type\":\"ImageObject\",\"inLanguage\":\"fr-FR\",\"@id\":\"http:\\\/\\\/www.legraindesheures.ovh\\\/index.php\\\/2025\\\/09\\\/21\\\/derniers-petales-carnet-visuel-du-jardin\\\/#primaryimage\",\"url\":\"https:\\\/\\\/www.legraindesheures.ovh\\\/wp-content\\\/uploads\\\/2025\\\/09\\\/lr2025-6129-entete-scaled.jpg\",\"contentUrl\":\"https:\\\/\\\/www.legraindesheures.ovh\\\/wp-content\\\/uploads\\\/2025\\\/09\\\/lr2025-6129-entete-scaled.jpg\",\"width\":2560,\"height\":1707,\"caption\":\"rose et euch\u00e8re en fleurs\"},{\"@type\":\"BreadcrumbList\",\"@id\":\"http:\\\/\\\/www.legraindesheures.ovh\\\/index.php\\\/2025\\\/09\\\/21\\\/derniers-petales-carnet-visuel-du-jardin\\\/#breadcrumb\",\"itemListElement\":[{\"@type\":\"ListItem\",\"position\":1,\"name\":\"Accueil\",\"item\":\"http:\\\/\\\/www.legraindesheures.ovh\\\/\"},{\"@type\":\"ListItem\",\"position\":2,\"name\":\"Derniers p\u00e9tales &#8211; carnet visuel du jardin\"}]},{\"@type\":\"WebSite\",\"@id\":\"http:\\\/\\\/www.legraindesheures.ovh\\\/#website\",\"url\":\"http:\\\/\\\/www.legraindesheures.ovh\\\/\",\"name\":\"Le grain des heures\",\"description\":\"Beauty of ordinary days\",\"publisher\":{\"@id\":\"http:\\\/\\\/www.legraindesheures.ovh\\\/#\\\/schema\\\/person\\\/cfb99bdc37b2ce43399fe7748d89f161\"},\"potentialAction\":[{\"@type\":\"SearchAction\",\"target\":{\"@type\":\"EntryPoint\",\"urlTemplate\":\"http:\\\/\\\/www.legraindesheures.ovh\\\/?s={search_term_string}\"},\"query-input\":{\"@type\":\"PropertyValueSpecification\",\"valueRequired\":true,\"valueName\":\"search_term_string\"}}],\"inLanguage\":\"fr-FR\"},{\"@type\":[\"Person\",\"Organization\"],\"@id\":\"http:\\\/\\\/www.legraindesheures.ovh\\\/#\\\/schema\\\/person\\\/cfb99bdc37b2ce43399fe7748d89f161\",\"name\":\"Muriel Turmes\",\"image\":{\"@type\":\"ImageObject\",\"inLanguage\":\"fr-FR\",\"@id\":\"https:\\\/\\\/secure.gravatar.com\\\/avatar\\\/df648abd54fd30b1686f3a8a3ec6632be51efe0530ac9d0955f04ffb9bc5a65e?s=96&d=mm&r=g\",\"url\":\"https:\\\/\\\/secure.gravatar.com\\\/avatar\\\/df648abd54fd30b1686f3a8a3ec6632be51efe0530ac9d0955f04ffb9bc5a65e?s=96&d=mm&r=g\",\"contentUrl\":\"https:\\\/\\\/secure.gravatar.com\\\/avatar\\\/df648abd54fd30b1686f3a8a3ec6632be51efe0530ac9d0955f04ffb9bc5a65e?s=96&d=mm&r=g\",\"caption\":\"Muriel Turmes\"},\"logo\":{\"@id\":\"https:\\\/\\\/secure.gravatar.com\\\/avatar\\\/df648abd54fd30b1686f3a8a3ec6632be51efe0530ac9d0955f04ffb9bc5a65e?s=96&d=mm&r=g\"},\"sameAs\":[\"http:\\\/\\\/www.legraindesheures.ovh\",\"instagram.com\\\/murielturmes\\\/\"],\"url\":\"https:\\\/\\\/www.legraindesheures.ovh\\\/index.php\\\/author\\\/ese150906\\\/\"}]}<\/script>\n<!-- \/ Yoast SEO plugin. -->","yoast_head_json":{"title":"Derniers p\u00e9tales - carnet visuel du jardin - Le grain des heures","description":"Carnet visuel des derni\u00e8res floraisons du jardin en septembre, bourrache, gaura ambiance po\u00e9tique au c\u0153ur de la Belgique.","robots":{"index":"index","follow":"follow","max-snippet":"max-snippet:-1","max-image-preview":"max-image-preview:large","max-video-preview":"max-video-preview:-1"},"canonical":"http:\/\/www.legraindesheures.ovh\/index.php\/2025\/09\/21\/derniers-petales-carnet-visuel-du-jardin\/","og_locale":"fr_FR","og_type":"article","og_title":"Derniers p\u00e9tales - carnet visuel du jardin - Le grain des heures","og_description":"Carnet visuel des derni\u00e8res floraisons du jardin en septembre, bourrache, gaura ambiance po\u00e9tique au c\u0153ur de la Belgique.","og_url":"http:\/\/www.legraindesheures.ovh\/index.php\/2025\/09\/21\/derniers-petales-carnet-visuel-du-jardin\/","og_site_name":"Le grain des heures","article_published_time":"2025-09-21T15:43:43+00:00","article_modified_time":"2025-09-21T15:46:32+00:00","og_image":[{"width":2560,"height":1707,"url":"http:\/\/www.legraindesheures.ovh\/wp-content\/uploads\/2025\/09\/lr2025-6129-entete-scaled.jpg","type":"image\/jpeg"}],"author":"Muriel Turmes","twitter_card":"summary_large_image","twitter_misc":{"\u00c9crit par":"Muriel Turmes","Dur\u00e9e de lecture estim\u00e9e":"2 minutes"},"schema":{"@context":"https:\/\/schema.org","@graph":[{"@type":"Article","@id":"http:\/\/www.legraindesheures.ovh\/index.php\/2025\/09\/21\/derniers-petales-carnet-visuel-du-jardin\/#article","isPartOf":{"@id":"http:\/\/www.legraindesheures.ovh\/index.php\/2025\/09\/21\/derniers-petales-carnet-visuel-du-jardin\/"},"author":{"name":"Muriel Turmes","@id":"http:\/\/www.legraindesheures.ovh\/#\/schema\/person\/cfb99bdc37b2ce43399fe7748d89f161"},"headline":"Derniers p\u00e9tales &#8211; carnet visuel du jardin","datePublished":"2025-09-21T15:43:43+00:00","dateModified":"2025-09-21T15:46:32+00:00","mainEntityOfPage":{"@id":"http:\/\/www.legraindesheures.ovh\/index.php\/2025\/09\/21\/derniers-petales-carnet-visuel-du-jardin\/"},"wordCount":97,"publisher":{"@id":"http:\/\/www.legraindesheures.ovh\/#\/schema\/person\/cfb99bdc37b2ce43399fe7748d89f161"},"image":{"@id":"http:\/\/www.legraindesheures.ovh\/index.php\/2025\/09\/21\/derniers-petales-carnet-visuel-du-jardin\/#primaryimage"},"thumbnailUrl":"https:\/\/www.legraindesheures.ovh\/wp-content\/uploads\/2025\/09\/lr2025-6129-entete-scaled.jpg","keywords":["automne","carnet visuel","fleurs de septembre","floraisons tardives","jardin belge","photo de jardin"],"articleSection":["Un tour au jardin"],"inLanguage":"fr-FR"},{"@type":"WebPage","@id":"http:\/\/www.legraindesheures.ovh\/index.php\/2025\/09\/21\/derniers-petales-carnet-visuel-du-jardin\/","url":"http:\/\/www.legraindesheures.ovh\/index.php\/2025\/09\/21\/derniers-petales-carnet-visuel-du-jardin\/","name":"Derniers p\u00e9tales - carnet visuel du jardin - Le grain des heures","isPartOf":{"@id":"http:\/\/www.legraindesheures.ovh\/#website"},"primaryImageOfPage":{"@id":"http:\/\/www.legraindesheures.ovh\/index.php\/2025\/09\/21\/derniers-petales-carnet-visuel-du-jardin\/#primaryimage"},"image":{"@id":"http:\/\/www.legraindesheures.ovh\/index.php\/2025\/09\/21\/derniers-petales-carnet-visuel-du-jardin\/#primaryimage"},"thumbnailUrl":"https:\/\/www.legraindesheures.ovh\/wp-content\/uploads\/2025\/09\/lr2025-6129-entete-scaled.jpg","datePublished":"2025-09-21T15:43:43+00:00","dateModified":"2025-09-21T15:46:32+00:00","description":"Carnet visuel des derni\u00e8res floraisons du jardin en septembre, bourrache, gaura ambiance po\u00e9tique au c\u0153ur de la Belgique.","breadcrumb":{"@id":"http:\/\/www.legraindesheures.ovh\/index.php\/2025\/09\/21\/derniers-petales-carnet-visuel-du-jardin\/#breadcrumb"},"inLanguage":"fr-FR","potentialAction":[{"@type":"ReadAction","target":["http:\/\/www.legraindesheures.ovh\/index.php\/2025\/09\/21\/derniers-petales-carnet-visuel-du-jardin\/"]}]},{"@type":"ImageObject","inLanguage":"fr-FR","@id":"http:\/\/www.legraindesheures.ovh\/index.php\/2025\/09\/21\/derniers-petales-carnet-visuel-du-jardin\/#primaryimage","url":"https:\/\/www.legraindesheures.ovh\/wp-content\/uploads\/2025\/09\/lr2025-6129-entete-scaled.jpg","contentUrl":"https:\/\/www.legraindesheures.ovh\/wp-content\/uploads\/2025\/09\/lr2025-6129-entete-scaled.jpg","width":2560,"height":1707,"caption":"rose et euch\u00e8re en fleurs"},{"@type":"BreadcrumbList","@id":"http:\/\/www.legraindesheures.ovh\/index.php\/2025\/09\/21\/derniers-petales-carnet-visuel-du-jardin\/#breadcrumb","itemListElement":[{"@type":"ListItem","position":1,"name":"Accueil","item":"http:\/\/www.legraindesheures.ovh\/"},{"@type":"ListItem","position":2,"name":"Derniers p\u00e9tales &#8211; carnet visuel du jardin"}]},{"@type":"WebSite","@id":"http:\/\/www.legraindesheures.ovh\/#website","url":"http:\/\/www.legraindesheures.ovh\/","name":"Le grain des heures","description":"Beauty of ordinary days","publisher":{"@id":"http:\/\/www.legraindesheures.ovh\/#\/schema\/person\/cfb99bdc37b2ce43399fe7748d89f161"},"potentialAction":[{"@type":"SearchAction","target":{"@type":"EntryPoint","urlTemplate":"http:\/\/www.legraindesheures.ovh\/?s={search_term_string}"},"query-input":{"@type":"PropertyValueSpecification","valueRequired":true,"valueName":"search_term_string"}}],"inLanguage":"fr-FR"},{"@type":["Person","Organization"],"@id":"http:\/\/www.legraindesheures.ovh\/#\/schema\/person\/cfb99bdc37b2ce43399fe7748d89f161","name":"Muriel Turmes","image":{"@type":"ImageObject","inLanguage":"fr-FR","@id":"https:\/\/secure.gravatar.com\/avatar\/df648abd54fd30b1686f3a8a3ec6632be51efe0530ac9d0955f04ffb9bc5a65e?s=96&d=mm&r=g","url":"https:\/\/secure.gravatar.com\/avatar\/df648abd54fd30b1686f3a8a3ec6632be51efe0530ac9d0955f04ffb9bc5a65e?s=96&d=mm&r=g","contentUrl":"https:\/\/secure.gravatar.com\/avatar\/df648abd54fd30b1686f3a8a3ec6632be51efe0530ac9d0955f04ffb9bc5a65e?s=96&d=mm&r=g","caption":"Muriel Turmes"},"logo":{"@id":"https:\/\/secure.gravatar.com\/avatar\/df648abd54fd30b1686f3a8a3ec6632be51efe0530ac9d0955f04ffb9bc5a65e?s=96&d=mm&r=g"},"sameAs":["http:\/\/www.legraindesheures.ovh","instagram.com\/murielturmes\/"],"url":"https:\/\/www.legraindesheures.ovh\/index.php\/author\/ese150906\/"}]}},"jetpack_featured_media_url":"https:\/\/www.legraindesheures.ovh\/wp-content\/uploads\/2025\/09\/lr2025-6129-entete-scaled.jpg","jetpack_sharing_enabled":true,"_links":{"self":[{"href":"https:\/\/www.legraindesheures.ovh\/index.php\/wp-json\/wp\/v2\/posts\/278","targetHints":{"allow":["GET"]}}],"collection":[{"href":"https:\/\/www.legraindesheures.ovh\/index.php\/wp-json\/wp\/v2\/posts"}],"about":[{"href":"https:\/\/www.legraindesheures.ovh\/index.php\/wp-json\/wp\/v2\/types\/post"}],"author":[{"embeddable":true,"href":"https:\/\/www.legraindesheures.ovh\/index.php\/wp-json\/wp\/v2\/users\/1"}],"replies":[{"embeddable":true,"href":"https:\/\/www.legraindesheures.ovh\/index.php\/wp-json\/wp\/v2\/comments?post=278"}],"version-history":[{"count":1,"href":"https:\/\/www.legraindesheures.ovh\/index.php\/wp-json\/wp\/v2\/posts\/278\/revisions"}],"predecessor-version":[{"id":287,"href":"https:\/\/www.legraindesheures.ovh\/index.php\/wp-json\/wp\/v2\/posts\/278\/revisions\/287"}],"wp:featuredmedia":[{"embeddable":true,"href":"https:\/\/www.legraindesheures.ovh\/index.php\/wp-json\/wp\/v2\/media\/279"}],"wp:attachment":[{"href":"https:\/\/www.legraindesheures.ovh\/index.php\/wp-json\/wp\/v2\/media?parent=278"}],"wp:term":[{"taxonomy":"category","embeddable":true,"href":"https:\/\/www.legraindesheures.ovh\/index.php\/wp-json\/wp\/v2\/categories?post=278"},{"taxonomy":"post_tag","embeddable":true,"href":"https:\/\/www.legraindesheures.ovh\/index.php\/wp-json\/wp\/v2\/tags?post=278"}],"curies":[{"name":"wp","href":"https:\/\/api.w.org\/{rel}","templated":true}]}}