{"id":288,"date":"2025-09-23T10:48:00","date_gmt":"2025-09-23T08:48:00","guid":{"rendered":"https:\/\/www.legraindesheures.ovh\/?p=288"},"modified":"2025-09-22T10:44:32","modified_gmt":"2025-09-22T08:44:32","slug":"carnet-dautomne-1-entre-lumieres-cuisine-et-floraisons","status":"publish","type":"post","link":"https:\/\/www.legraindesheures.ovh\/index.php\/2025\/09\/23\/carnet-dautomne-1-entre-lumieres-cuisine-et-floraisons\/","title":{"rendered":"Carnet d&rsquo;automne #1 &#8211; entre lumi\u00e8res, cuisine et floraisons"},"content":{"rendered":"\n<p>L\u2019automne s\u2019installe doucement, entre lumi\u00e8re oblique et parfums de pommes et de cannelle. Ce carnet rassemble trois instants pr\u00e9cieux : une transition sensorielle entre les saisons, une recette gourmande n\u00e9e d\u2019un jour o\u00f9 il fallait vider le frigo, et une galerie florale qui c\u00e9l\u00e8bre les derniers murmures du jardin.<\/p>\n\n\n\n<h2 class=\"wp-block-heading\">Entre l&rsquo;\u00e9t\u00e9 et l&rsquo;automne<\/h2>\n\n\n\n<p>Un texte contemplatif et quelques photographies sur le passage des saisons, entre feuilles qui crissent et soleil qui s\u2019attarde.<\/p>\n\n\n<div class=\"wp-block-image\">\n<figure class=\"aligncenter size-large\"><img loading=\"lazy\" decoding=\"async\" width=\"1024\" height=\"768\" src=\"http:\/\/www.legraindesheures.ovh\/wp-content\/uploads\/2025\/09\/lr2025-0413-entete-1024x768.jpg\" alt=\"foret fin \u00e9t\u00e9\" class=\"wp-image-256\" srcset=\"https:\/\/www.legraindesheures.ovh\/wp-content\/uploads\/2025\/09\/lr2025-0413-entete-1024x768.jpg 1024w, https:\/\/www.legraindesheures.ovh\/wp-content\/uploads\/2025\/09\/lr2025-0413-entete-300x225.jpg 300w, https:\/\/www.legraindesheures.ovh\/wp-content\/uploads\/2025\/09\/lr2025-0413-entete-768x576.jpg 768w, https:\/\/www.legraindesheures.ovh\/wp-content\/uploads\/2025\/09\/lr2025-0413-entete-1536x1152.jpg 1536w, https:\/\/www.legraindesheures.ovh\/wp-content\/uploads\/2025\/09\/lr2025-0413-entete-2048x1536.jpg 2048w, https:\/\/www.legraindesheures.ovh\/wp-content\/uploads\/2025\/09\/lr2025-0413-entete-293x220.jpg 293w, https:\/\/www.legraindesheures.ovh\/wp-content\/uploads\/2025\/09\/lr2025-0413-entete-359x269.jpg 359w\" sizes=\"auto, (max-width: 1024px) 100vw, 1024px\" \/><\/figure>\n<\/div>\n\n\n<p><\/p>\n\n\n\n<p><a href=\"https:\/\/www.legraindesheures.ovh\/index.php\/2025\/09\/17\/entre-lete-et-lautomne\/\" target=\"_blank\" rel=\"noreferrer noopener\">Lire l&rsquo;article<\/a> <\/p>\n\n\n\n<p><\/p>\n\n\n\n<h2 class=\"wp-block-heading\">Mini cheesecake d&rsquo;automne<\/h2>\n\n\n\n<p><\/p>\n\n\n\n<p>Une recette n\u00e9e d\u2019un reste de pommes au four, de fromage blanc et d\u2019une envie de douceur.<\/p>\n\n\n\n<p><\/p>\n\n\n<div class=\"wp-block-image\">\n<figure class=\"aligncenter size-full\"><img loading=\"lazy\" decoding=\"async\" width=\"900\" height=\"600\" src=\"http:\/\/www.legraindesheures.ovh\/wp-content\/uploads\/2025\/09\/lr2025-6197-web.jpg\" alt=\"\" class=\"wp-image-274\" srcset=\"https:\/\/www.legraindesheures.ovh\/wp-content\/uploads\/2025\/09\/lr2025-6197-web.jpg 900w, https:\/\/www.legraindesheures.ovh\/wp-content\/uploads\/2025\/09\/lr2025-6197-web-300x200.jpg 300w, https:\/\/www.legraindesheures.ovh\/wp-content\/uploads\/2025\/09\/lr2025-6197-web-768x512.jpg 768w, https:\/\/www.legraindesheures.ovh\/wp-content\/uploads\/2025\/09\/lr2025-6197-web-330x220.jpg 330w, https:\/\/www.legraindesheures.ovh\/wp-content\/uploads\/2025\/09\/lr2025-6197-web-359x239.jpg 359w\" sizes=\"auto, (max-width: 900px) 100vw, 900px\" \/><\/figure>\n<\/div>\n\n\n<p><\/p>\n\n\n\n<p><a href=\"https:\/\/www.legraindesheures.ovh\/index.php\/2025\/09\/18\/mini-cheesecake-dautomne\/\" target=\"_blank\" rel=\"noreferrer noopener\">Lire l&rsquo;article<\/a><\/p>\n\n\n\n<p><\/p>\n\n\n\n<h2 class=\"wp-block-heading\">Derniers p\u00e9tales, carnet visuel du jardin<\/h2>\n\n\n\n<p><\/p>\n\n\n\n<p>Une galerie photo des derni\u00e8res floraisons du jardin : bourrache, gauras, roses et g\u00e9raniums sauvages.<\/p>\n\n\n\n<p><\/p>\n\n\n\n<figure class=\"wp-block-image size-full\"><img loading=\"lazy\" decoding=\"async\" width=\"900\" height=\"600\" src=\"http:\/\/www.legraindesheures.ovh\/wp-content\/uploads\/2025\/09\/lr2025-6138-web.jpg\" alt=\"gaurarose en fin de saison dans un jardin belge\" class=\"wp-image-286\" srcset=\"https:\/\/www.legraindesheures.ovh\/wp-content\/uploads\/2025\/09\/lr2025-6138-web.jpg 900w, https:\/\/www.legraindesheures.ovh\/wp-content\/uploads\/2025\/09\/lr2025-6138-web-300x200.jpg 300w, https:\/\/www.legraindesheures.ovh\/wp-content\/uploads\/2025\/09\/lr2025-6138-web-768x512.jpg 768w, https:\/\/www.legraindesheures.ovh\/wp-content\/uploads\/2025\/09\/lr2025-6138-web-330x220.jpg 330w, https:\/\/www.legraindesheures.ovh\/wp-content\/uploads\/2025\/09\/lr2025-6138-web-359x239.jpg 359w\" sizes=\"auto, (max-width: 900px) 100vw, 900px\" \/><figcaption class=\"wp-element-caption\">gaura sous lumi\u00e8re oblique \u2013 derniers \u00e9clats avant l\u2019automne<\/figcaption><\/figure>\n\n\n\n<p><a href=\"https:\/\/www.legraindesheures.ovh\/index.php\/2025\/09\/21\/derniers-petales-carnet-visuel-du-jardin\/\">Voir les photos<\/a><\/p>\n\n\n\n<p><\/p>\n\n\n\n<p>Ce carnet d\u2019automne est une invitation \u00e0 ralentir, \u00e0 cueillir les instants et \u00e0 les garder comme des pages \u00e0 collectionner. Et vous, quels sont vos gestes d\u2019automne ?<\/p>\n\n\n\n<p><\/p>\n","protected":false},"excerpt":{"rendered":"<p>L\u2019automne s\u2019installe doucement, entre lumi\u00e8re oblique et parfums de pommes et de cannelle. Ce carnet rassemble trois instants pr\u00e9cieux : une transition sensorielle entre les &hellip;<\/p>\n","protected":false},"author":1,"featured_media":289,"comment_status":"closed","ping_status":"open","sticky":false,"template":"","format":"standard","meta":{"_jetpack_memberships_contains_paid_content":false,"footnotes":""},"categories":[36],"tags":[22,32,34,33,38],"class_list":["post-288","post","type-post","status-publish","format-standard","has-post-thumbnail","hentry","category-carnet-de-saison","tag-automne","tag-carnet-visuel","tag-floraisons-tardives","tag-jardin-belge","tag-recette-de-cheesecake"],"yoast_head":"<!-- This site is optimized with the Yoast SEO plugin v27.5 - https:\/\/yoast.com\/product\/yoast-seo-wordpress\/ -->\n<title>Carnet d&#039;automne #1 - entre lumi\u00e8res, cuisine et floraisons - Le grain des heures<\/title>\n<meta name=\"description\" content=\"Un carnet d\u2019automne r\u00e9unissant trois articles : transition saisonni\u00e8re, recette de cheesecake et floraisons tardives au jardin. \u00c0 lire, \u00e0 savourer, \u00e0 collectionner\" \/>\n<meta name=\"robots\" content=\"index, follow, max-snippet:-1, max-image-preview:large, max-video-preview:-1\" \/>\n<link rel=\"canonical\" href=\"http:\/\/www.legraindesheures.ovh\/index.php\/2025\/09\/23\/carnet-dautomne-1-entre-lumieres-cuisine-et-floraisons\/\" \/>\n<meta property=\"og:locale\" content=\"fr_FR\" \/>\n<meta property=\"og:type\" content=\"article\" \/>\n<meta property=\"og:title\" content=\"Carnet d&#039;automne #1 - entre lumi\u00e8res, cuisine et floraisons - Le grain des heures\" \/>\n<meta property=\"og:description\" content=\"Un carnet d\u2019automne r\u00e9unissant trois articles : transition saisonni\u00e8re, recette de cheesecake et floraisons tardives au jardin. \u00c0 lire, \u00e0 savourer, \u00e0 collectionner\" \/>\n<meta property=\"og:url\" content=\"http:\/\/www.legraindesheures.ovh\/index.php\/2025\/09\/23\/carnet-dautomne-1-entre-lumieres-cuisine-et-floraisons\/\" \/>\n<meta property=\"og:site_name\" content=\"Le grain des heures\" \/>\n<meta property=\"article:published_time\" content=\"2025-09-23T08:48:00+00:00\" \/>\n<meta property=\"og:image\" content=\"http:\/\/www.legraindesheures.ovh\/wp-content\/uploads\/2025\/09\/carnet-automne-entete-scaled.jpg\" \/>\n\t<meta property=\"og:image:width\" content=\"2560\" \/>\n\t<meta property=\"og:image:height\" content=\"2073\" \/>\n\t<meta property=\"og:image:type\" content=\"image\/jpeg\" \/>\n<meta name=\"author\" content=\"Muriel Turmes\" \/>\n<meta name=\"twitter:card\" content=\"summary_large_image\" \/>\n<meta name=\"twitter:label1\" content=\"\u00c9crit par\" \/>\n\t<meta name=\"twitter:data1\" content=\"Muriel Turmes\" \/>\n\t<meta name=\"twitter:label2\" content=\"Dur\u00e9e de lecture estim\u00e9e\" \/>\n\t<meta name=\"twitter:data2\" content=\"2 minutes\" \/>\n<script type=\"application\/ld+json\" class=\"yoast-schema-graph\">{\"@context\":\"https:\\\/\\\/schema.org\",\"@graph\":[{\"@type\":\"Article\",\"@id\":\"http:\\\/\\\/www.legraindesheures.ovh\\\/index.php\\\/2025\\\/09\\\/23\\\/carnet-dautomne-1-entre-lumieres-cuisine-et-floraisons\\\/#article\",\"isPartOf\":{\"@id\":\"http:\\\/\\\/www.legraindesheures.ovh\\\/index.php\\\/2025\\\/09\\\/23\\\/carnet-dautomne-1-entre-lumieres-cuisine-et-floraisons\\\/\"},\"author\":{\"name\":\"Muriel Turmes\",\"@id\":\"http:\\\/\\\/www.legraindesheures.ovh\\\/#\\\/schema\\\/person\\\/cfb99bdc37b2ce43399fe7748d89f161\"},\"headline\":\"Carnet d&rsquo;automne #1 &#8211; entre lumi\u00e8res, cuisine et floraisons\",\"datePublished\":\"2025-09-23T08:48:00+00:00\",\"mainEntityOfPage\":{\"@id\":\"http:\\\/\\\/www.legraindesheures.ovh\\\/index.php\\\/2025\\\/09\\\/23\\\/carnet-dautomne-1-entre-lumieres-cuisine-et-floraisons\\\/\"},\"wordCount\":179,\"publisher\":{\"@id\":\"http:\\\/\\\/www.legraindesheures.ovh\\\/#\\\/schema\\\/person\\\/cfb99bdc37b2ce43399fe7748d89f161\"},\"image\":{\"@id\":\"http:\\\/\\\/www.legraindesheures.ovh\\\/index.php\\\/2025\\\/09\\\/23\\\/carnet-dautomne-1-entre-lumieres-cuisine-et-floraisons\\\/#primaryimage\"},\"thumbnailUrl\":\"https:\\\/\\\/www.legraindesheures.ovh\\\/wp-content\\\/uploads\\\/2025\\\/09\\\/carnet-automne-entete-scaled.jpg\",\"keywords\":[\"automne\",\"carnet visuel\",\"floraisons tardives\",\"jardin belge\",\"recette de cheesecake\"],\"articleSection\":[\"Carnet de Saison\"],\"inLanguage\":\"fr-FR\"},{\"@type\":\"WebPage\",\"@id\":\"http:\\\/\\\/www.legraindesheures.ovh\\\/index.php\\\/2025\\\/09\\\/23\\\/carnet-dautomne-1-entre-lumieres-cuisine-et-floraisons\\\/\",\"url\":\"http:\\\/\\\/www.legraindesheures.ovh\\\/index.php\\\/2025\\\/09\\\/23\\\/carnet-dautomne-1-entre-lumieres-cuisine-et-floraisons\\\/\",\"name\":\"Carnet d'automne #1 - entre lumi\u00e8res, cuisine et floraisons - Le grain des heures\",\"isPartOf\":{\"@id\":\"http:\\\/\\\/www.legraindesheures.ovh\\\/#website\"},\"primaryImageOfPage\":{\"@id\":\"http:\\\/\\\/www.legraindesheures.ovh\\\/index.php\\\/2025\\\/09\\\/23\\\/carnet-dautomne-1-entre-lumieres-cuisine-et-floraisons\\\/#primaryimage\"},\"image\":{\"@id\":\"http:\\\/\\\/www.legraindesheures.ovh\\\/index.php\\\/2025\\\/09\\\/23\\\/carnet-dautomne-1-entre-lumieres-cuisine-et-floraisons\\\/#primaryimage\"},\"thumbnailUrl\":\"https:\\\/\\\/www.legraindesheures.ovh\\\/wp-content\\\/uploads\\\/2025\\\/09\\\/carnet-automne-entete-scaled.jpg\",\"datePublished\":\"2025-09-23T08:48:00+00:00\",\"description\":\"Un carnet d\u2019automne r\u00e9unissant trois articles : transition saisonni\u00e8re, recette de cheesecake et floraisons tardives au jardin. \u00c0 lire, \u00e0 savourer, \u00e0 collectionner\",\"breadcrumb\":{\"@id\":\"http:\\\/\\\/www.legraindesheures.ovh\\\/index.php\\\/2025\\\/09\\\/23\\\/carnet-dautomne-1-entre-lumieres-cuisine-et-floraisons\\\/#breadcrumb\"},\"inLanguage\":\"fr-FR\",\"potentialAction\":[{\"@type\":\"ReadAction\",\"target\":[\"http:\\\/\\\/www.legraindesheures.ovh\\\/index.php\\\/2025\\\/09\\\/23\\\/carnet-dautomne-1-entre-lumieres-cuisine-et-floraisons\\\/\"]}]},{\"@type\":\"ImageObject\",\"inLanguage\":\"fr-FR\",\"@id\":\"http:\\\/\\\/www.legraindesheures.ovh\\\/index.php\\\/2025\\\/09\\\/23\\\/carnet-dautomne-1-entre-lumieres-cuisine-et-floraisons\\\/#primaryimage\",\"url\":\"https:\\\/\\\/www.legraindesheures.ovh\\\/wp-content\\\/uploads\\\/2025\\\/09\\\/carnet-automne-entete-scaled.jpg\",\"contentUrl\":\"https:\\\/\\\/www.legraindesheures.ovh\\\/wp-content\\\/uploads\\\/2025\\\/09\\\/carnet-automne-entete-scaled.jpg\",\"width\":2560,\"height\":2073,\"caption\":\"feuille d'automne par une journ\u00e9e ensoileill\u00e9e\"},{\"@type\":\"BreadcrumbList\",\"@id\":\"http:\\\/\\\/www.legraindesheures.ovh\\\/index.php\\\/2025\\\/09\\\/23\\\/carnet-dautomne-1-entre-lumieres-cuisine-et-floraisons\\\/#breadcrumb\",\"itemListElement\":[{\"@type\":\"ListItem\",\"position\":1,\"name\":\"Accueil\",\"item\":\"http:\\\/\\\/www.legraindesheures.ovh\\\/\"},{\"@type\":\"ListItem\",\"position\":2,\"name\":\"Carnet d&rsquo;automne #1 &#8211; entre lumi\u00e8res, cuisine et floraisons\"}]},{\"@type\":\"WebSite\",\"@id\":\"http:\\\/\\\/www.legraindesheures.ovh\\\/#website\",\"url\":\"http:\\\/\\\/www.legraindesheures.ovh\\\/\",\"name\":\"Le grain des heures\",\"description\":\"Beauty of ordinary days\",\"publisher\":{\"@id\":\"http:\\\/\\\/www.legraindesheures.ovh\\\/#\\\/schema\\\/person\\\/cfb99bdc37b2ce43399fe7748d89f161\"},\"potentialAction\":[{\"@type\":\"SearchAction\",\"target\":{\"@type\":\"EntryPoint\",\"urlTemplate\":\"http:\\\/\\\/www.legraindesheures.ovh\\\/?s={search_term_string}\"},\"query-input\":{\"@type\":\"PropertyValueSpecification\",\"valueRequired\":true,\"valueName\":\"search_term_string\"}}],\"inLanguage\":\"fr-FR\"},{\"@type\":[\"Person\",\"Organization\"],\"@id\":\"http:\\\/\\\/www.legraindesheures.ovh\\\/#\\\/schema\\\/person\\\/cfb99bdc37b2ce43399fe7748d89f161\",\"name\":\"Muriel Turmes\",\"image\":{\"@type\":\"ImageObject\",\"inLanguage\":\"fr-FR\",\"@id\":\"https:\\\/\\\/secure.gravatar.com\\\/avatar\\\/df648abd54fd30b1686f3a8a3ec6632be51efe0530ac9d0955f04ffb9bc5a65e?s=96&d=mm&r=g\",\"url\":\"https:\\\/\\\/secure.gravatar.com\\\/avatar\\\/df648abd54fd30b1686f3a8a3ec6632be51efe0530ac9d0955f04ffb9bc5a65e?s=96&d=mm&r=g\",\"contentUrl\":\"https:\\\/\\\/secure.gravatar.com\\\/avatar\\\/df648abd54fd30b1686f3a8a3ec6632be51efe0530ac9d0955f04ffb9bc5a65e?s=96&d=mm&r=g\",\"caption\":\"Muriel Turmes\"},\"logo\":{\"@id\":\"https:\\\/\\\/secure.gravatar.com\\\/avatar\\\/df648abd54fd30b1686f3a8a3ec6632be51efe0530ac9d0955f04ffb9bc5a65e?s=96&d=mm&r=g\"},\"sameAs\":[\"http:\\\/\\\/www.legraindesheures.ovh\",\"instagram.com\\\/murielturmes\\\/\"],\"url\":\"https:\\\/\\\/www.legraindesheures.ovh\\\/index.php\\\/author\\\/ese150906\\\/\"}]}<\/script>\n<!-- \/ Yoast SEO plugin. -->","yoast_head_json":{"title":"Carnet d'automne #1 - entre lumi\u00e8res, cuisine et floraisons - Le grain des heures","description":"Un carnet d\u2019automne r\u00e9unissant trois articles : transition saisonni\u00e8re, recette de cheesecake et floraisons tardives au jardin. \u00c0 lire, \u00e0 savourer, \u00e0 collectionner","robots":{"index":"index","follow":"follow","max-snippet":"max-snippet:-1","max-image-preview":"max-image-preview:large","max-video-preview":"max-video-preview:-1"},"canonical":"http:\/\/www.legraindesheures.ovh\/index.php\/2025\/09\/23\/carnet-dautomne-1-entre-lumieres-cuisine-et-floraisons\/","og_locale":"fr_FR","og_type":"article","og_title":"Carnet d'automne #1 - entre lumi\u00e8res, cuisine et floraisons - Le grain des heures","og_description":"Un carnet d\u2019automne r\u00e9unissant trois articles : transition saisonni\u00e8re, recette de cheesecake et floraisons tardives au jardin. \u00c0 lire, \u00e0 savourer, \u00e0 collectionner","og_url":"http:\/\/www.legraindesheures.ovh\/index.php\/2025\/09\/23\/carnet-dautomne-1-entre-lumieres-cuisine-et-floraisons\/","og_site_name":"Le grain des heures","article_published_time":"2025-09-23T08:48:00+00:00","og_image":[{"width":2560,"height":2073,"url":"http:\/\/www.legraindesheures.ovh\/wp-content\/uploads\/2025\/09\/carnet-automne-entete-scaled.jpg","type":"image\/jpeg"}],"author":"Muriel Turmes","twitter_card":"summary_large_image","twitter_misc":{"\u00c9crit par":"Muriel Turmes","Dur\u00e9e de lecture estim\u00e9e":"2 minutes"},"schema":{"@context":"https:\/\/schema.org","@graph":[{"@type":"Article","@id":"http:\/\/www.legraindesheures.ovh\/index.php\/2025\/09\/23\/carnet-dautomne-1-entre-lumieres-cuisine-et-floraisons\/#article","isPartOf":{"@id":"http:\/\/www.legraindesheures.ovh\/index.php\/2025\/09\/23\/carnet-dautomne-1-entre-lumieres-cuisine-et-floraisons\/"},"author":{"name":"Muriel Turmes","@id":"http:\/\/www.legraindesheures.ovh\/#\/schema\/person\/cfb99bdc37b2ce43399fe7748d89f161"},"headline":"Carnet d&rsquo;automne #1 &#8211; entre lumi\u00e8res, cuisine et floraisons","datePublished":"2025-09-23T08:48:00+00:00","mainEntityOfPage":{"@id":"http:\/\/www.legraindesheures.ovh\/index.php\/2025\/09\/23\/carnet-dautomne-1-entre-lumieres-cuisine-et-floraisons\/"},"wordCount":179,"publisher":{"@id":"http:\/\/www.legraindesheures.ovh\/#\/schema\/person\/cfb99bdc37b2ce43399fe7748d89f161"},"image":{"@id":"http:\/\/www.legraindesheures.ovh\/index.php\/2025\/09\/23\/carnet-dautomne-1-entre-lumieres-cuisine-et-floraisons\/#primaryimage"},"thumbnailUrl":"https:\/\/www.legraindesheures.ovh\/wp-content\/uploads\/2025\/09\/carnet-automne-entete-scaled.jpg","keywords":["automne","carnet visuel","floraisons tardives","jardin belge","recette de cheesecake"],"articleSection":["Carnet de Saison"],"inLanguage":"fr-FR"},{"@type":"WebPage","@id":"http:\/\/www.legraindesheures.ovh\/index.php\/2025\/09\/23\/carnet-dautomne-1-entre-lumieres-cuisine-et-floraisons\/","url":"http:\/\/www.legraindesheures.ovh\/index.php\/2025\/09\/23\/carnet-dautomne-1-entre-lumieres-cuisine-et-floraisons\/","name":"Carnet d'automne #1 - entre lumi\u00e8res, cuisine et floraisons - Le grain des heures","isPartOf":{"@id":"http:\/\/www.legraindesheures.ovh\/#website"},"primaryImageOfPage":{"@id":"http:\/\/www.legraindesheures.ovh\/index.php\/2025\/09\/23\/carnet-dautomne-1-entre-lumieres-cuisine-et-floraisons\/#primaryimage"},"image":{"@id":"http:\/\/www.legraindesheures.ovh\/index.php\/2025\/09\/23\/carnet-dautomne-1-entre-lumieres-cuisine-et-floraisons\/#primaryimage"},"thumbnailUrl":"https:\/\/www.legraindesheures.ovh\/wp-content\/uploads\/2025\/09\/carnet-automne-entete-scaled.jpg","datePublished":"2025-09-23T08:48:00+00:00","description":"Un carnet d\u2019automne r\u00e9unissant trois articles : transition saisonni\u00e8re, recette de cheesecake et floraisons tardives au jardin. \u00c0 lire, \u00e0 savourer, \u00e0 collectionner","breadcrumb":{"@id":"http:\/\/www.legraindesheures.ovh\/index.php\/2025\/09\/23\/carnet-dautomne-1-entre-lumieres-cuisine-et-floraisons\/#breadcrumb"},"inLanguage":"fr-FR","potentialAction":[{"@type":"ReadAction","target":["http:\/\/www.legraindesheures.ovh\/index.php\/2025\/09\/23\/carnet-dautomne-1-entre-lumieres-cuisine-et-floraisons\/"]}]},{"@type":"ImageObject","inLanguage":"fr-FR","@id":"http:\/\/www.legraindesheures.ovh\/index.php\/2025\/09\/23\/carnet-dautomne-1-entre-lumieres-cuisine-et-floraisons\/#primaryimage","url":"https:\/\/www.legraindesheures.ovh\/wp-content\/uploads\/2025\/09\/carnet-automne-entete-scaled.jpg","contentUrl":"https:\/\/www.legraindesheures.ovh\/wp-content\/uploads\/2025\/09\/carnet-automne-entete-scaled.jpg","width":2560,"height":2073,"caption":"feuille d'automne par une journ\u00e9e ensoileill\u00e9e"},{"@type":"BreadcrumbList","@id":"http:\/\/www.legraindesheures.ovh\/index.php\/2025\/09\/23\/carnet-dautomne-1-entre-lumieres-cuisine-et-floraisons\/#breadcrumb","itemListElement":[{"@type":"ListItem","position":1,"name":"Accueil","item":"http:\/\/www.legraindesheures.ovh\/"},{"@type":"ListItem","position":2,"name":"Carnet d&rsquo;automne #1 &#8211; entre lumi\u00e8res, cuisine et floraisons"}]},{"@type":"WebSite","@id":"http:\/\/www.legraindesheures.ovh\/#website","url":"http:\/\/www.legraindesheures.ovh\/","name":"Le grain des heures","description":"Beauty of ordinary days","publisher":{"@id":"http:\/\/www.legraindesheures.ovh\/#\/schema\/person\/cfb99bdc37b2ce43399fe7748d89f161"},"potentialAction":[{"@type":"SearchAction","target":{"@type":"EntryPoint","urlTemplate":"http:\/\/www.legraindesheures.ovh\/?s={search_term_string}"},"query-input":{"@type":"PropertyValueSpecification","valueRequired":true,"valueName":"search_term_string"}}],"inLanguage":"fr-FR"},{"@type":["Person","Organization"],"@id":"http:\/\/www.legraindesheures.ovh\/#\/schema\/person\/cfb99bdc37b2ce43399fe7748d89f161","name":"Muriel Turmes","image":{"@type":"ImageObject","inLanguage":"fr-FR","@id":"https:\/\/secure.gravatar.com\/avatar\/df648abd54fd30b1686f3a8a3ec6632be51efe0530ac9d0955f04ffb9bc5a65e?s=96&d=mm&r=g","url":"https:\/\/secure.gravatar.com\/avatar\/df648abd54fd30b1686f3a8a3ec6632be51efe0530ac9d0955f04ffb9bc5a65e?s=96&d=mm&r=g","contentUrl":"https:\/\/secure.gravatar.com\/avatar\/df648abd54fd30b1686f3a8a3ec6632be51efe0530ac9d0955f04ffb9bc5a65e?s=96&d=mm&r=g","caption":"Muriel Turmes"},"logo":{"@id":"https:\/\/secure.gravatar.com\/avatar\/df648abd54fd30b1686f3a8a3ec6632be51efe0530ac9d0955f04ffb9bc5a65e?s=96&d=mm&r=g"},"sameAs":["http:\/\/www.legraindesheures.ovh","instagram.com\/murielturmes\/"],"url":"https:\/\/www.legraindesheures.ovh\/index.php\/author\/ese150906\/"}]}},"jetpack_featured_media_url":"https:\/\/www.legraindesheures.ovh\/wp-content\/uploads\/2025\/09\/carnet-automne-entete-scaled.jpg","jetpack_sharing_enabled":true,"_links":{"self":[{"href":"https:\/\/www.legraindesheures.ovh\/index.php\/wp-json\/wp\/v2\/posts\/288","targetHints":{"allow":["GET"]}}],"collection":[{"href":"https:\/\/www.legraindesheures.ovh\/index.php\/wp-json\/wp\/v2\/posts"}],"about":[{"href":"https:\/\/www.legraindesheures.ovh\/index.php\/wp-json\/wp\/v2\/types\/post"}],"author":[{"embeddable":true,"href":"https:\/\/www.legraindesheures.ovh\/index.php\/wp-json\/wp\/v2\/users\/1"}],"replies":[{"embeddable":true,"href":"https:\/\/www.legraindesheures.ovh\/index.php\/wp-json\/wp\/v2\/comments?post=288"}],"version-history":[{"count":2,"href":"https:\/\/www.legraindesheures.ovh\/index.php\/wp-json\/wp\/v2\/posts\/288\/revisions"}],"predecessor-version":[{"id":291,"href":"https:\/\/www.legraindesheures.ovh\/index.php\/wp-json\/wp\/v2\/posts\/288\/revisions\/291"}],"wp:featuredmedia":[{"embeddable":true,"href":"https:\/\/www.legraindesheures.ovh\/index.php\/wp-json\/wp\/v2\/media\/289"}],"wp:attachment":[{"href":"https:\/\/www.legraindesheures.ovh\/index.php\/wp-json\/wp\/v2\/media?parent=288"}],"wp:term":[{"taxonomy":"category","embeddable":true,"href":"https:\/\/www.legraindesheures.ovh\/index.php\/wp-json\/wp\/v2\/categories?post=288"},{"taxonomy":"post_tag","embeddable":true,"href":"https:\/\/www.legraindesheures.ovh\/index.php\/wp-json\/wp\/v2\/tags?post=288"}],"curies":[{"name":"wp","href":"https:\/\/api.w.org\/{rel}","templated":true}]}}