{"id":293,"date":"2025-09-30T11:37:48","date_gmt":"2025-09-30T09:37:48","guid":{"rendered":"https:\/\/www.legraindesheures.ovh\/?p=293"},"modified":"2025-09-30T11:38:51","modified_gmt":"2025-09-30T09:38:51","slug":"cueillir-lephemere-preparer-les-fleurs-du-jardin-pour-des-compositions-florales","status":"publish","type":"post","link":"https:\/\/www.legraindesheures.ovh\/index.php\/2025\/09\/30\/cueillir-lephemere-preparer-les-fleurs-du-jardin-pour-des-compositions-florales\/","title":{"rendered":"Cueillir l&rsquo;\u00e9ph\u00e9m\u00e8re : pr\u00e9parer les fleurs du jardin pour des compositions florales"},"content":{"rendered":"\n<p>\u00c0 la fin de l\u2019\u00e9t\u00e9, quand les derni\u00e8res floraisons s\u2019attardent  au jardin, je me suis laiss\u00e9e guider par une envie simple : prolonger la beaut\u00e9 du jardin autrement. Cueillir l\u2019\u00e9ph\u00e9m\u00e8re, c\u2019est offrir une seconde vie aux fleurs, les inviter \u00e0 la maison dans une forme nouvelle, cr\u00e9er, conserver l&rsquo;\u00e9nergie de l&rsquo;\u00e9t\u00e9 du jardin<\/p>\n\n\n\n<p>Dans cet article, je vous partage ma cueillette. Une \u00e9tape pr\u00e9paratoire, presque m\u00e9ditative, avant de composer un tableau v\u00e9g\u00e9tal que je vous d\u00e9voilerai dans un prochain billet.<\/p>\n\n\n\n<p>ll y a des gestes qui ralentissent le temps et vous ram\u00e8nent en enfance. Cueillir une fleur, la glisser entre deux feuilles de papier, refermer doucement l\u2019herbier\u2026<\/p>\n\n\n\n<p>Entre jardin et papier, ce sont des fragments de saison que j\u2019ai pr\u00e9par\u00e9 pour une cr\u00e9ation v\u00e9g\u00e9tale \u00e0 venir&#8230;<\/p>\n\n\n\n<p><\/p>\n\n\n<div class=\"wp-block-image\">\n<figure class=\"aligncenter size-full\"><img loading=\"lazy\" decoding=\"async\" width=\"600\" height=\"900\" src=\"http:\/\/www.legraindesheures.ovh\/wp-content\/uploads\/2025\/09\/lr2025-6139-web.jpg\" alt=\"Herbier maison avec fleurs cueillies et s\u00e9ch\u00e9es \u00e0 plat\" class=\"wp-image-294\" srcset=\"https:\/\/www.legraindesheures.ovh\/wp-content\/uploads\/2025\/09\/lr2025-6139-web.jpg 600w, https:\/\/www.legraindesheures.ovh\/wp-content\/uploads\/2025\/09\/lr2025-6139-web-200x300.jpg 200w, https:\/\/www.legraindesheures.ovh\/wp-content\/uploads\/2025\/09\/lr2025-6139-web-147x220.jpg 147w, https:\/\/www.legraindesheures.ovh\/wp-content\/uploads\/2025\/09\/lr2025-6139-web-359x539.jpg 359w\" sizes=\"auto, (max-width: 600px) 100vw, 600px\" \/><\/figure>\n<\/div>\n\n\n<p><\/p>\n\n\n<div class=\"wp-block-image\">\n<figure class=\"aligncenter size-full\"><img loading=\"lazy\" decoding=\"async\" width=\"600\" height=\"900\" src=\"http:\/\/www.legraindesheures.ovh\/wp-content\/uploads\/2025\/09\/lr2025-6147-web.jpg\" alt=\"bouquet de fleurs pour s\u00e9chage \u00e0 plat\" class=\"wp-image-295\" srcset=\"https:\/\/www.legraindesheures.ovh\/wp-content\/uploads\/2025\/09\/lr2025-6147-web.jpg 600w, https:\/\/www.legraindesheures.ovh\/wp-content\/uploads\/2025\/09\/lr2025-6147-web-200x300.jpg 200w, https:\/\/www.legraindesheures.ovh\/wp-content\/uploads\/2025\/09\/lr2025-6147-web-147x220.jpg 147w, https:\/\/www.legraindesheures.ovh\/wp-content\/uploads\/2025\/09\/lr2025-6147-web-359x539.jpg 359w\" sizes=\"auto, (max-width: 600px) 100vw, 600px\" \/><\/figure>\n<\/div>\n\n\n<p><\/p>\n\n\n<div class=\"wp-block-image\">\n<figure class=\"aligncenter size-full\"><img loading=\"lazy\" decoding=\"async\" width=\"900\" height=\"600\" src=\"http:\/\/www.legraindesheures.ovh\/wp-content\/uploads\/2025\/09\/lr2025-6150-web.jpg\" alt=\"Herbier maison avec fleurs cueillies et s\u00e9ch\u00e9es \u00e0 plat\" class=\"wp-image-297\" srcset=\"https:\/\/www.legraindesheures.ovh\/wp-content\/uploads\/2025\/09\/lr2025-6150-web.jpg 900w, https:\/\/www.legraindesheures.ovh\/wp-content\/uploads\/2025\/09\/lr2025-6150-web-300x200.jpg 300w, https:\/\/www.legraindesheures.ovh\/wp-content\/uploads\/2025\/09\/lr2025-6150-web-768x512.jpg 768w, https:\/\/www.legraindesheures.ovh\/wp-content\/uploads\/2025\/09\/lr2025-6150-web-330x220.jpg 330w, https:\/\/www.legraindesheures.ovh\/wp-content\/uploads\/2025\/09\/lr2025-6150-web-359x239.jpg 359w\" sizes=\"auto, (max-width: 900px) 100vw, 900px\" \/><\/figure>\n<\/div>\n\n\n<p><\/p>\n\n\n<div class=\"wp-block-image\">\n<figure class=\"aligncenter size-full\"><img loading=\"lazy\" decoding=\"async\" width=\"600\" height=\"900\" src=\"http:\/\/www.legraindesheures.ovh\/wp-content\/uploads\/2025\/09\/lr2025-6149-web.jpg\" alt=\"Herbier maison avec fleurs cueillies et s\u00e9ch\u00e9es \u00e0 plat\" class=\"wp-image-296\" srcset=\"https:\/\/www.legraindesheures.ovh\/wp-content\/uploads\/2025\/09\/lr2025-6149-web.jpg 600w, https:\/\/www.legraindesheures.ovh\/wp-content\/uploads\/2025\/09\/lr2025-6149-web-200x300.jpg 200w, https:\/\/www.legraindesheures.ovh\/wp-content\/uploads\/2025\/09\/lr2025-6149-web-147x220.jpg 147w, https:\/\/www.legraindesheures.ovh\/wp-content\/uploads\/2025\/09\/lr2025-6149-web-359x539.jpg 359w\" sizes=\"auto, (max-width: 600px) 100vw, 600px\" \/><\/figure>\n<\/div>\n\n\n<p><\/p>\n\n\n\n<p>Et vous, quelles fleurs aimeriez glisser dans vos pages\u202f? <\/p>\n\n\n\n<p>Ce simple geste, ouvre la voie \u00e0 des cr\u00e9ations inattendues. Rendez-vous bient\u00f4t pour la suite\u2026<\/p>\n","protected":false},"excerpt":{"rendered":"<p>\u00c0 la fin de l\u2019\u00e9t\u00e9, quand les derni\u00e8res floraisons s\u2019attardent au jardin, je me suis laiss\u00e9e guider par une envie simple : prolonger la beaut\u00e9 &hellip;<\/p>\n","protected":false},"author":1,"featured_media":298,"comment_status":"closed","ping_status":"open","sticky":false,"template":"","format":"standard","meta":{"_jetpack_memberships_contains_paid_content":false,"footnotes":""},"categories":[36,9,8],"tags":[],"class_list":["post-293","post","type-post","status-publish","format-standard","has-post-thumbnail","hentry","category-carnet-de-saison","category-slow-life","category-un-tour-au-jardin"],"yoast_head":"<!-- This site is optimized with the Yoast SEO plugin v27.5 - https:\/\/yoast.com\/product\/yoast-seo-wordpress\/ -->\n<title>Cueillir l&#039;\u00e9ph\u00e9m\u00e8re : pr\u00e9parer les fleurs du jardin pour des compositions florales - Le grain des heures<\/title>\n<meta name=\"description\" content=\"faire s\u00e9cher \u00e0 plat les fleurs du jardin dans un herbier pour cr\u00e9ations florales.\" \/>\n<meta name=\"robots\" content=\"index, follow, max-snippet:-1, max-image-preview:large, max-video-preview:-1\" \/>\n<link rel=\"canonical\" href=\"http:\/\/www.legraindesheures.ovh\/index.php\/2025\/09\/30\/cueillir-lephemere-preparer-les-fleurs-du-jardin-pour-des-compositions-florales\/\" \/>\n<meta property=\"og:locale\" content=\"fr_FR\" \/>\n<meta property=\"og:type\" content=\"article\" \/>\n<meta property=\"og:title\" content=\"Cueillir l&#039;\u00e9ph\u00e9m\u00e8re : pr\u00e9parer les fleurs du jardin pour des compositions florales - Le grain des heures\" \/>\n<meta property=\"og:description\" content=\"faire s\u00e9cher \u00e0 plat les fleurs du jardin dans un herbier pour cr\u00e9ations florales.\" \/>\n<meta property=\"og:url\" content=\"http:\/\/www.legraindesheures.ovh\/index.php\/2025\/09\/30\/cueillir-lephemere-preparer-les-fleurs-du-jardin-pour-des-compositions-florales\/\" \/>\n<meta property=\"og:site_name\" content=\"Le grain des heures\" \/>\n<meta property=\"article:published_time\" content=\"2025-09-30T09:37:48+00:00\" \/>\n<meta property=\"article:modified_time\" content=\"2025-09-30T09:38:51+00:00\" \/>\n<meta property=\"og:image\" content=\"http:\/\/www.legraindesheures.ovh\/wp-content\/uploads\/2025\/09\/lr2025-6151-entete-scaled.jpg\" \/>\n\t<meta property=\"og:image:width\" content=\"2560\" \/>\n\t<meta property=\"og:image:height\" content=\"1707\" \/>\n\t<meta property=\"og:image:type\" content=\"image\/jpeg\" \/>\n<meta name=\"author\" content=\"Muriel Turmes\" \/>\n<meta name=\"twitter:card\" content=\"summary_large_image\" \/>\n<meta name=\"twitter:label1\" content=\"\u00c9crit par\" \/>\n\t<meta name=\"twitter:data1\" content=\"Muriel Turmes\" \/>\n\t<meta name=\"twitter:label2\" content=\"Dur\u00e9e de lecture estim\u00e9e\" \/>\n\t<meta name=\"twitter:data2\" content=\"2 minutes\" \/>\n<script type=\"application\/ld+json\" class=\"yoast-schema-graph\">{\"@context\":\"https:\\\/\\\/schema.org\",\"@graph\":[{\"@type\":\"Article\",\"@id\":\"http:\\\/\\\/www.legraindesheures.ovh\\\/index.php\\\/2025\\\/09\\\/30\\\/cueillir-lephemere-preparer-les-fleurs-du-jardin-pour-des-compositions-florales\\\/#article\",\"isPartOf\":{\"@id\":\"http:\\\/\\\/www.legraindesheures.ovh\\\/index.php\\\/2025\\\/09\\\/30\\\/cueillir-lephemere-preparer-les-fleurs-du-jardin-pour-des-compositions-florales\\\/\"},\"author\":{\"name\":\"Muriel Turmes\",\"@id\":\"http:\\\/\\\/www.legraindesheures.ovh\\\/#\\\/schema\\\/person\\\/cfb99bdc37b2ce43399fe7748d89f161\"},\"headline\":\"Cueillir l&rsquo;\u00e9ph\u00e9m\u00e8re : pr\u00e9parer les fleurs du jardin pour des compositions florales\",\"datePublished\":\"2025-09-30T09:37:48+00:00\",\"dateModified\":\"2025-09-30T09:38:51+00:00\",\"mainEntityOfPage\":{\"@id\":\"http:\\\/\\\/www.legraindesheures.ovh\\\/index.php\\\/2025\\\/09\\\/30\\\/cueillir-lephemere-preparer-les-fleurs-du-jardin-pour-des-compositions-florales\\\/\"},\"wordCount\":185,\"publisher\":{\"@id\":\"http:\\\/\\\/www.legraindesheures.ovh\\\/#\\\/schema\\\/person\\\/cfb99bdc37b2ce43399fe7748d89f161\"},\"image\":{\"@id\":\"http:\\\/\\\/www.legraindesheures.ovh\\\/index.php\\\/2025\\\/09\\\/30\\\/cueillir-lephemere-preparer-les-fleurs-du-jardin-pour-des-compositions-florales\\\/#primaryimage\"},\"thumbnailUrl\":\"https:\\\/\\\/www.legraindesheures.ovh\\\/wp-content\\\/uploads\\\/2025\\\/09\\\/lr2025-6151-entete-scaled.jpg\",\"articleSection\":[\"Carnet de Saison\",\"slow life\",\"Un tour au jardin\"],\"inLanguage\":\"fr-FR\"},{\"@type\":\"WebPage\",\"@id\":\"http:\\\/\\\/www.legraindesheures.ovh\\\/index.php\\\/2025\\\/09\\\/30\\\/cueillir-lephemere-preparer-les-fleurs-du-jardin-pour-des-compositions-florales\\\/\",\"url\":\"http:\\\/\\\/www.legraindesheures.ovh\\\/index.php\\\/2025\\\/09\\\/30\\\/cueillir-lephemere-preparer-les-fleurs-du-jardin-pour-des-compositions-florales\\\/\",\"name\":\"Cueillir l'\u00e9ph\u00e9m\u00e8re : pr\u00e9parer les fleurs du jardin pour des compositions florales - Le grain des heures\",\"isPartOf\":{\"@id\":\"http:\\\/\\\/www.legraindesheures.ovh\\\/#website\"},\"primaryImageOfPage\":{\"@id\":\"http:\\\/\\\/www.legraindesheures.ovh\\\/index.php\\\/2025\\\/09\\\/30\\\/cueillir-lephemere-preparer-les-fleurs-du-jardin-pour-des-compositions-florales\\\/#primaryimage\"},\"image\":{\"@id\":\"http:\\\/\\\/www.legraindesheures.ovh\\\/index.php\\\/2025\\\/09\\\/30\\\/cueillir-lephemere-preparer-les-fleurs-du-jardin-pour-des-compositions-florales\\\/#primaryimage\"},\"thumbnailUrl\":\"https:\\\/\\\/www.legraindesheures.ovh\\\/wp-content\\\/uploads\\\/2025\\\/09\\\/lr2025-6151-entete-scaled.jpg\",\"datePublished\":\"2025-09-30T09:37:48+00:00\",\"dateModified\":\"2025-09-30T09:38:51+00:00\",\"description\":\"faire s\u00e9cher \u00e0 plat les fleurs du jardin dans un herbier pour cr\u00e9ations florales.\",\"breadcrumb\":{\"@id\":\"http:\\\/\\\/www.legraindesheures.ovh\\\/index.php\\\/2025\\\/09\\\/30\\\/cueillir-lephemere-preparer-les-fleurs-du-jardin-pour-des-compositions-florales\\\/#breadcrumb\"},\"inLanguage\":\"fr-FR\",\"potentialAction\":[{\"@type\":\"ReadAction\",\"target\":[\"http:\\\/\\\/www.legraindesheures.ovh\\\/index.php\\\/2025\\\/09\\\/30\\\/cueillir-lephemere-preparer-les-fleurs-du-jardin-pour-des-compositions-florales\\\/\"]}]},{\"@type\":\"ImageObject\",\"inLanguage\":\"fr-FR\",\"@id\":\"http:\\\/\\\/www.legraindesheures.ovh\\\/index.php\\\/2025\\\/09\\\/30\\\/cueillir-lephemere-preparer-les-fleurs-du-jardin-pour-des-compositions-florales\\\/#primaryimage\",\"url\":\"https:\\\/\\\/www.legraindesheures.ovh\\\/wp-content\\\/uploads\\\/2025\\\/09\\\/lr2025-6151-entete-scaled.jpg\",\"contentUrl\":\"https:\\\/\\\/www.legraindesheures.ovh\\\/wp-content\\\/uploads\\\/2025\\\/09\\\/lr2025-6151-entete-scaled.jpg\",\"width\":2560,\"height\":1707,\"caption\":\"Herbier maison avec hibiscus et s\u00e9ch\u00e9es \u00e0 plat\"},{\"@type\":\"BreadcrumbList\",\"@id\":\"http:\\\/\\\/www.legraindesheures.ovh\\\/index.php\\\/2025\\\/09\\\/30\\\/cueillir-lephemere-preparer-les-fleurs-du-jardin-pour-des-compositions-florales\\\/#breadcrumb\",\"itemListElement\":[{\"@type\":\"ListItem\",\"position\":1,\"name\":\"Accueil\",\"item\":\"http:\\\/\\\/www.legraindesheures.ovh\\\/\"},{\"@type\":\"ListItem\",\"position\":2,\"name\":\"Cueillir l&rsquo;\u00e9ph\u00e9m\u00e8re : pr\u00e9parer les fleurs du jardin pour des compositions florales\"}]},{\"@type\":\"WebSite\",\"@id\":\"http:\\\/\\\/www.legraindesheures.ovh\\\/#website\",\"url\":\"http:\\\/\\\/www.legraindesheures.ovh\\\/\",\"name\":\"Le grain des heures\",\"description\":\"Beauty of ordinary days\",\"publisher\":{\"@id\":\"http:\\\/\\\/www.legraindesheures.ovh\\\/#\\\/schema\\\/person\\\/cfb99bdc37b2ce43399fe7748d89f161\"},\"potentialAction\":[{\"@type\":\"SearchAction\",\"target\":{\"@type\":\"EntryPoint\",\"urlTemplate\":\"http:\\\/\\\/www.legraindesheures.ovh\\\/?s={search_term_string}\"},\"query-input\":{\"@type\":\"PropertyValueSpecification\",\"valueRequired\":true,\"valueName\":\"search_term_string\"}}],\"inLanguage\":\"fr-FR\"},{\"@type\":[\"Person\",\"Organization\"],\"@id\":\"http:\\\/\\\/www.legraindesheures.ovh\\\/#\\\/schema\\\/person\\\/cfb99bdc37b2ce43399fe7748d89f161\",\"name\":\"Muriel Turmes\",\"image\":{\"@type\":\"ImageObject\",\"inLanguage\":\"fr-FR\",\"@id\":\"https:\\\/\\\/secure.gravatar.com\\\/avatar\\\/df648abd54fd30b1686f3a8a3ec6632be51efe0530ac9d0955f04ffb9bc5a65e?s=96&d=mm&r=g\",\"url\":\"https:\\\/\\\/secure.gravatar.com\\\/avatar\\\/df648abd54fd30b1686f3a8a3ec6632be51efe0530ac9d0955f04ffb9bc5a65e?s=96&d=mm&r=g\",\"contentUrl\":\"https:\\\/\\\/secure.gravatar.com\\\/avatar\\\/df648abd54fd30b1686f3a8a3ec6632be51efe0530ac9d0955f04ffb9bc5a65e?s=96&d=mm&r=g\",\"caption\":\"Muriel Turmes\"},\"logo\":{\"@id\":\"https:\\\/\\\/secure.gravatar.com\\\/avatar\\\/df648abd54fd30b1686f3a8a3ec6632be51efe0530ac9d0955f04ffb9bc5a65e?s=96&d=mm&r=g\"},\"sameAs\":[\"http:\\\/\\\/www.legraindesheures.ovh\",\"instagram.com\\\/murielturmes\\\/\"],\"url\":\"https:\\\/\\\/www.legraindesheures.ovh\\\/index.php\\\/author\\\/ese150906\\\/\"}]}<\/script>\n<!-- \/ Yoast SEO plugin. -->","yoast_head_json":{"title":"Cueillir l'\u00e9ph\u00e9m\u00e8re : pr\u00e9parer les fleurs du jardin pour des compositions florales - Le grain des heures","description":"faire s\u00e9cher \u00e0 plat les fleurs du jardin dans un herbier pour cr\u00e9ations florales.","robots":{"index":"index","follow":"follow","max-snippet":"max-snippet:-1","max-image-preview":"max-image-preview:large","max-video-preview":"max-video-preview:-1"},"canonical":"http:\/\/www.legraindesheures.ovh\/index.php\/2025\/09\/30\/cueillir-lephemere-preparer-les-fleurs-du-jardin-pour-des-compositions-florales\/","og_locale":"fr_FR","og_type":"article","og_title":"Cueillir l'\u00e9ph\u00e9m\u00e8re : pr\u00e9parer les fleurs du jardin pour des compositions florales - Le grain des heures","og_description":"faire s\u00e9cher \u00e0 plat les fleurs du jardin dans un herbier pour cr\u00e9ations florales.","og_url":"http:\/\/www.legraindesheures.ovh\/index.php\/2025\/09\/30\/cueillir-lephemere-preparer-les-fleurs-du-jardin-pour-des-compositions-florales\/","og_site_name":"Le grain des heures","article_published_time":"2025-09-30T09:37:48+00:00","article_modified_time":"2025-09-30T09:38:51+00:00","og_image":[{"width":2560,"height":1707,"url":"http:\/\/www.legraindesheures.ovh\/wp-content\/uploads\/2025\/09\/lr2025-6151-entete-scaled.jpg","type":"image\/jpeg"}],"author":"Muriel Turmes","twitter_card":"summary_large_image","twitter_misc":{"\u00c9crit par":"Muriel Turmes","Dur\u00e9e de lecture estim\u00e9e":"2 minutes"},"schema":{"@context":"https:\/\/schema.org","@graph":[{"@type":"Article","@id":"http:\/\/www.legraindesheures.ovh\/index.php\/2025\/09\/30\/cueillir-lephemere-preparer-les-fleurs-du-jardin-pour-des-compositions-florales\/#article","isPartOf":{"@id":"http:\/\/www.legraindesheures.ovh\/index.php\/2025\/09\/30\/cueillir-lephemere-preparer-les-fleurs-du-jardin-pour-des-compositions-florales\/"},"author":{"name":"Muriel Turmes","@id":"http:\/\/www.legraindesheures.ovh\/#\/schema\/person\/cfb99bdc37b2ce43399fe7748d89f161"},"headline":"Cueillir l&rsquo;\u00e9ph\u00e9m\u00e8re : pr\u00e9parer les fleurs du jardin pour des compositions florales","datePublished":"2025-09-30T09:37:48+00:00","dateModified":"2025-09-30T09:38:51+00:00","mainEntityOfPage":{"@id":"http:\/\/www.legraindesheures.ovh\/index.php\/2025\/09\/30\/cueillir-lephemere-preparer-les-fleurs-du-jardin-pour-des-compositions-florales\/"},"wordCount":185,"publisher":{"@id":"http:\/\/www.legraindesheures.ovh\/#\/schema\/person\/cfb99bdc37b2ce43399fe7748d89f161"},"image":{"@id":"http:\/\/www.legraindesheures.ovh\/index.php\/2025\/09\/30\/cueillir-lephemere-preparer-les-fleurs-du-jardin-pour-des-compositions-florales\/#primaryimage"},"thumbnailUrl":"https:\/\/www.legraindesheures.ovh\/wp-content\/uploads\/2025\/09\/lr2025-6151-entete-scaled.jpg","articleSection":["Carnet de Saison","slow life","Un tour au jardin"],"inLanguage":"fr-FR"},{"@type":"WebPage","@id":"http:\/\/www.legraindesheures.ovh\/index.php\/2025\/09\/30\/cueillir-lephemere-preparer-les-fleurs-du-jardin-pour-des-compositions-florales\/","url":"http:\/\/www.legraindesheures.ovh\/index.php\/2025\/09\/30\/cueillir-lephemere-preparer-les-fleurs-du-jardin-pour-des-compositions-florales\/","name":"Cueillir l'\u00e9ph\u00e9m\u00e8re : pr\u00e9parer les fleurs du jardin pour des compositions florales - Le grain des heures","isPartOf":{"@id":"http:\/\/www.legraindesheures.ovh\/#website"},"primaryImageOfPage":{"@id":"http:\/\/www.legraindesheures.ovh\/index.php\/2025\/09\/30\/cueillir-lephemere-preparer-les-fleurs-du-jardin-pour-des-compositions-florales\/#primaryimage"},"image":{"@id":"http:\/\/www.legraindesheures.ovh\/index.php\/2025\/09\/30\/cueillir-lephemere-preparer-les-fleurs-du-jardin-pour-des-compositions-florales\/#primaryimage"},"thumbnailUrl":"https:\/\/www.legraindesheures.ovh\/wp-content\/uploads\/2025\/09\/lr2025-6151-entete-scaled.jpg","datePublished":"2025-09-30T09:37:48+00:00","dateModified":"2025-09-30T09:38:51+00:00","description":"faire s\u00e9cher \u00e0 plat les fleurs du jardin dans un herbier pour cr\u00e9ations florales.","breadcrumb":{"@id":"http:\/\/www.legraindesheures.ovh\/index.php\/2025\/09\/30\/cueillir-lephemere-preparer-les-fleurs-du-jardin-pour-des-compositions-florales\/#breadcrumb"},"inLanguage":"fr-FR","potentialAction":[{"@type":"ReadAction","target":["http:\/\/www.legraindesheures.ovh\/index.php\/2025\/09\/30\/cueillir-lephemere-preparer-les-fleurs-du-jardin-pour-des-compositions-florales\/"]}]},{"@type":"ImageObject","inLanguage":"fr-FR","@id":"http:\/\/www.legraindesheures.ovh\/index.php\/2025\/09\/30\/cueillir-lephemere-preparer-les-fleurs-du-jardin-pour-des-compositions-florales\/#primaryimage","url":"https:\/\/www.legraindesheures.ovh\/wp-content\/uploads\/2025\/09\/lr2025-6151-entete-scaled.jpg","contentUrl":"https:\/\/www.legraindesheures.ovh\/wp-content\/uploads\/2025\/09\/lr2025-6151-entete-scaled.jpg","width":2560,"height":1707,"caption":"Herbier maison avec hibiscus et s\u00e9ch\u00e9es \u00e0 plat"},{"@type":"BreadcrumbList","@id":"http:\/\/www.legraindesheures.ovh\/index.php\/2025\/09\/30\/cueillir-lephemere-preparer-les-fleurs-du-jardin-pour-des-compositions-florales\/#breadcrumb","itemListElement":[{"@type":"ListItem","position":1,"name":"Accueil","item":"http:\/\/www.legraindesheures.ovh\/"},{"@type":"ListItem","position":2,"name":"Cueillir l&rsquo;\u00e9ph\u00e9m\u00e8re : pr\u00e9parer les fleurs du jardin pour des compositions florales"}]},{"@type":"WebSite","@id":"http:\/\/www.legraindesheures.ovh\/#website","url":"http:\/\/www.legraindesheures.ovh\/","name":"Le grain des heures","description":"Beauty of ordinary days","publisher":{"@id":"http:\/\/www.legraindesheures.ovh\/#\/schema\/person\/cfb99bdc37b2ce43399fe7748d89f161"},"potentialAction":[{"@type":"SearchAction","target":{"@type":"EntryPoint","urlTemplate":"http:\/\/www.legraindesheures.ovh\/?s={search_term_string}"},"query-input":{"@type":"PropertyValueSpecification","valueRequired":true,"valueName":"search_term_string"}}],"inLanguage":"fr-FR"},{"@type":["Person","Organization"],"@id":"http:\/\/www.legraindesheures.ovh\/#\/schema\/person\/cfb99bdc37b2ce43399fe7748d89f161","name":"Muriel Turmes","image":{"@type":"ImageObject","inLanguage":"fr-FR","@id":"https:\/\/secure.gravatar.com\/avatar\/df648abd54fd30b1686f3a8a3ec6632be51efe0530ac9d0955f04ffb9bc5a65e?s=96&d=mm&r=g","url":"https:\/\/secure.gravatar.com\/avatar\/df648abd54fd30b1686f3a8a3ec6632be51efe0530ac9d0955f04ffb9bc5a65e?s=96&d=mm&r=g","contentUrl":"https:\/\/secure.gravatar.com\/avatar\/df648abd54fd30b1686f3a8a3ec6632be51efe0530ac9d0955f04ffb9bc5a65e?s=96&d=mm&r=g","caption":"Muriel Turmes"},"logo":{"@id":"https:\/\/secure.gravatar.com\/avatar\/df648abd54fd30b1686f3a8a3ec6632be51efe0530ac9d0955f04ffb9bc5a65e?s=96&d=mm&r=g"},"sameAs":["http:\/\/www.legraindesheures.ovh","instagram.com\/murielturmes\/"],"url":"https:\/\/www.legraindesheures.ovh\/index.php\/author\/ese150906\/"}]}},"jetpack_featured_media_url":"https:\/\/www.legraindesheures.ovh\/wp-content\/uploads\/2025\/09\/lr2025-6151-entete-scaled.jpg","jetpack_sharing_enabled":true,"_links":{"self":[{"href":"https:\/\/www.legraindesheures.ovh\/index.php\/wp-json\/wp\/v2\/posts\/293","targetHints":{"allow":["GET"]}}],"collection":[{"href":"https:\/\/www.legraindesheures.ovh\/index.php\/wp-json\/wp\/v2\/posts"}],"about":[{"href":"https:\/\/www.legraindesheures.ovh\/index.php\/wp-json\/wp\/v2\/types\/post"}],"author":[{"embeddable":true,"href":"https:\/\/www.legraindesheures.ovh\/index.php\/wp-json\/wp\/v2\/users\/1"}],"replies":[{"embeddable":true,"href":"https:\/\/www.legraindesheures.ovh\/index.php\/wp-json\/wp\/v2\/comments?post=293"}],"version-history":[{"count":2,"href":"https:\/\/www.legraindesheures.ovh\/index.php\/wp-json\/wp\/v2\/posts\/293\/revisions"}],"predecessor-version":[{"id":300,"href":"https:\/\/www.legraindesheures.ovh\/index.php\/wp-json\/wp\/v2\/posts\/293\/revisions\/300"}],"wp:featuredmedia":[{"embeddable":true,"href":"https:\/\/www.legraindesheures.ovh\/index.php\/wp-json\/wp\/v2\/media\/298"}],"wp:attachment":[{"href":"https:\/\/www.legraindesheures.ovh\/index.php\/wp-json\/wp\/v2\/media?parent=293"}],"wp:term":[{"taxonomy":"category","embeddable":true,"href":"https:\/\/www.legraindesheures.ovh\/index.php\/wp-json\/wp\/v2\/categories?post=293"},{"taxonomy":"post_tag","embeddable":true,"href":"https:\/\/www.legraindesheures.ovh\/index.php\/wp-json\/wp\/v2\/tags?post=293"}],"curies":[{"name":"wp","href":"https:\/\/api.w.org\/{rel}","templated":true}]}}