{"id":318,"date":"2025-11-17T17:27:09","date_gmt":"2025-11-17T16:27:09","guid":{"rendered":"https:\/\/www.legraindesheures.ovh\/?p=318"},"modified":"2025-11-17T17:28:20","modified_gmt":"2025-11-17T16:28:20","slug":"brume-et-agrume-lhiver-sannonce","status":"publish","type":"post","link":"https:\/\/www.legraindesheures.ovh\/index.php\/2025\/11\/17\/brume-et-agrume-lhiver-sannonce\/","title":{"rendered":"Brume et agrume, l&rsquo;hiver s&rsquo;annonce"},"content":{"rendered":"\n<p>Le mois de novembre, le vrai, le triste, le froid, a finalement d\u00e9cider de s&rsquo;installer. Sans pr\u00e9venir. les derni\u00e8res feuilles tombent, seules restent des branches noires, tranchant sur un ciel gris et bas. Par ci par l\u00e0, quelques touches de rouge illuminent le sous-bois. Dans ma cuisine, je fabrique des petits soleil d&rsquo;hiver, en faisant s\u00e9cher des rondelles d&rsquo;orange, petits rituels de patience, promesses d&rsquo;un No\u00ebl bient\u00f4t l\u00e0. <\/p>\n\n\n\n<p><\/p>\n\n\n<div class=\"wp-block-image\">\n<figure class=\"aligncenter size-large\"><img loading=\"lazy\" decoding=\"async\" width=\"1024\" height=\"678\" src=\"http:\/\/www.legraindesheures.ovh\/wp-content\/uploads\/2025\/11\/collage-web-1024x678.jpg\" alt=\"for\u00eat de novembre, brume, feuille rouge\" class=\"wp-image-319\" srcset=\"https:\/\/www.legraindesheures.ovh\/wp-content\/uploads\/2025\/11\/collage-web-1024x678.jpg 1024w, https:\/\/www.legraindesheures.ovh\/wp-content\/uploads\/2025\/11\/collage-web-300x199.jpg 300w, https:\/\/www.legraindesheures.ovh\/wp-content\/uploads\/2025\/11\/collage-web-768x509.jpg 768w, https:\/\/www.legraindesheures.ovh\/wp-content\/uploads\/2025\/11\/collage-web-1536x1017.jpg 1536w, https:\/\/www.legraindesheures.ovh\/wp-content\/uploads\/2025\/11\/collage-web-332x220.jpg 332w, https:\/\/www.legraindesheures.ovh\/wp-content\/uploads\/2025\/11\/collage-web-359x238.jpg 359w, https:\/\/www.legraindesheures.ovh\/wp-content\/uploads\/2025\/11\/collage-web.jpg 1800w\" sizes=\"auto, (max-width: 1024px) 100vw, 1024px\" \/><\/figure>\n<\/div>\n\n\n<p><\/p>\n\n\n\n<p>Dans la for\u00eat, les arbres glissent doucement vers une l\u00e9thargie hivernale, les derni\u00e8res feuilles tombent sans bruit. En observant de plus pr\u00e8s, n\u00e9anmoins, de petites feuilles rouges, telles des bonnets de lutin, nous montrent le chemin vers le solstice. <\/p>\n\n\n\n<blockquote class=\"wp-block-quote is-layout-flow wp-block-quote-is-layout-flow\">\n<p><\/p>\n\n\n<div class=\"wp-block-image\">\n<figure class=\"aligncenter size-full\"><img loading=\"lazy\" decoding=\"async\" width=\"900\" height=\"675\" src=\"http:\/\/www.legraindesheures.ovh\/wp-content\/uploads\/2025\/11\/lr2025-0881-web.jpg\" alt=\"agrumes rondelles \" class=\"wp-image-321\" srcset=\"https:\/\/www.legraindesheures.ovh\/wp-content\/uploads\/2025\/11\/lr2025-0881-web.jpg 900w, https:\/\/www.legraindesheures.ovh\/wp-content\/uploads\/2025\/11\/lr2025-0881-web-300x225.jpg 300w, https:\/\/www.legraindesheures.ovh\/wp-content\/uploads\/2025\/11\/lr2025-0881-web-768x576.jpg 768w, https:\/\/www.legraindesheures.ovh\/wp-content\/uploads\/2025\/11\/lr2025-0881-web-293x220.jpg 293w, https:\/\/www.legraindesheures.ovh\/wp-content\/uploads\/2025\/11\/lr2025-0881-web-359x269.jpg 359w\" sizes=\"auto, (max-width: 900px) 100vw, 900px\" \/><\/figure>\n<\/div>\n\n\n<p>A la maison, l\u2019orange se fait lumi\u00e8re. No\u00ebl se cr\u00e9e maintenant, dans le parfum des agrumes.<\/p>\n<\/blockquote>\n\n\n\n<p><\/p>\n\n\n<div class=\"wp-block-image\">\n<figure class=\"aligncenter size-full\"><img loading=\"lazy\" decoding=\"async\" width=\"675\" height=\"900\" src=\"http:\/\/www.legraindesheures.ovh\/wp-content\/uploads\/2025\/11\/lr2025-0879-web.jpg\" alt=\"for\u00eat novembre\" class=\"wp-image-320\" srcset=\"https:\/\/www.legraindesheures.ovh\/wp-content\/uploads\/2025\/11\/lr2025-0879-web.jpg 675w, https:\/\/www.legraindesheures.ovh\/wp-content\/uploads\/2025\/11\/lr2025-0879-web-225x300.jpg 225w, https:\/\/www.legraindesheures.ovh\/wp-content\/uploads\/2025\/11\/lr2025-0879-web-165x220.jpg 165w, https:\/\/www.legraindesheures.ovh\/wp-content\/uploads\/2025\/11\/lr2025-0879-web-359x479.jpg 359w\" sizes=\"auto, (max-width: 675px) 100vw, 675px\" \/><\/figure>\n<\/div>","protected":false},"excerpt":{"rendered":"<p>Le mois de novembre, le vrai, le triste, le froid, a finalement d\u00e9cider de s&rsquo;installer. Sans pr\u00e9venir. les derni\u00e8res feuilles tombent, seules restent des branches &hellip;<\/p>\n","protected":false},"author":1,"featured_media":322,"comment_status":"closed","ping_status":"open","sticky":false,"template":"","format":"standard","meta":{"_jetpack_memberships_contains_paid_content":false,"footnotes":""},"categories":[36,17,9],"tags":[22,41,12],"class_list":["post-318","post","type-post","status-publish","format-standard","has-post-thumbnail","hentry","category-carnet-de-saison","category-promenades","category-slow-life","tag-automne","tag-orange-sechage-orange","tag-slow-life"],"yoast_head":"<!-- This site is optimized with the Yoast SEO plugin v27.5 - https:\/\/yoast.com\/product\/yoast-seo-wordpress\/ -->\n<title>Brume et agrume, l&#039;hiver s&#039;annonce - Le grain des heures<\/title>\n<meta name=\"description\" content=\"Brume et agrume, l&#039;hiver s&#039;annonce\" \/>\n<meta name=\"robots\" content=\"index, follow, max-snippet:-1, max-image-preview:large, max-video-preview:-1\" \/>\n<link rel=\"canonical\" href=\"http:\/\/www.legraindesheures.ovh\/index.php\/2025\/11\/17\/brume-et-agrume-lhiver-sannonce\/\" \/>\n<meta property=\"og:locale\" content=\"fr_FR\" \/>\n<meta property=\"og:type\" content=\"article\" \/>\n<meta property=\"og:title\" content=\"Brume et agrume, l&#039;hiver s&#039;annonce - Le grain des heures\" \/>\n<meta property=\"og:description\" content=\"Brume et agrume, l&#039;hiver s&#039;annonce\" \/>\n<meta property=\"og:url\" content=\"http:\/\/www.legraindesheures.ovh\/index.php\/2025\/11\/17\/brume-et-agrume-lhiver-sannonce\/\" \/>\n<meta property=\"og:site_name\" content=\"Le grain des heures\" \/>\n<meta property=\"article:published_time\" content=\"2025-11-17T16:27:09+00:00\" \/>\n<meta property=\"article:modified_time\" content=\"2025-11-17T16:28:20+00:00\" \/>\n<meta property=\"og:image\" content=\"http:\/\/www.legraindesheures.ovh\/wp-content\/uploads\/2025\/11\/lr2023-5025-scaled-e1763396770584.jpg\" \/>\n\t<meta property=\"og:image:width\" content=\"2560\" \/>\n\t<meta property=\"og:image:height\" content=\"1707\" \/>\n\t<meta property=\"og:image:type\" content=\"image\/jpeg\" \/>\n<meta name=\"author\" content=\"Muriel Turmes\" \/>\n<meta name=\"twitter:card\" content=\"summary_large_image\" \/>\n<meta name=\"twitter:label1\" content=\"\u00c9crit par\" \/>\n\t<meta name=\"twitter:data1\" content=\"Muriel Turmes\" \/>\n\t<meta name=\"twitter:label2\" content=\"Dur\u00e9e de lecture estim\u00e9e\" \/>\n\t<meta name=\"twitter:data2\" content=\"2 minutes\" \/>\n<script type=\"application\/ld+json\" class=\"yoast-schema-graph\">{\"@context\":\"https:\\\/\\\/schema.org\",\"@graph\":[{\"@type\":\"Article\",\"@id\":\"http:\\\/\\\/www.legraindesheures.ovh\\\/index.php\\\/2025\\\/11\\\/17\\\/brume-et-agrume-lhiver-sannonce\\\/#article\",\"isPartOf\":{\"@id\":\"http:\\\/\\\/www.legraindesheures.ovh\\\/index.php\\\/2025\\\/11\\\/17\\\/brume-et-agrume-lhiver-sannonce\\\/\"},\"author\":{\"name\":\"Muriel Turmes\",\"@id\":\"http:\\\/\\\/www.legraindesheures.ovh\\\/#\\\/schema\\\/person\\\/cfb99bdc37b2ce43399fe7748d89f161\"},\"headline\":\"Brume et agrume, l&rsquo;hiver s&rsquo;annonce\",\"datePublished\":\"2025-11-17T16:27:09+00:00\",\"dateModified\":\"2025-11-17T16:28:20+00:00\",\"mainEntityOfPage\":{\"@id\":\"http:\\\/\\\/www.legraindesheures.ovh\\\/index.php\\\/2025\\\/11\\\/17\\\/brume-et-agrume-lhiver-sannonce\\\/\"},\"wordCount\":143,\"publisher\":{\"@id\":\"http:\\\/\\\/www.legraindesheures.ovh\\\/#\\\/schema\\\/person\\\/cfb99bdc37b2ce43399fe7748d89f161\"},\"image\":{\"@id\":\"http:\\\/\\\/www.legraindesheures.ovh\\\/index.php\\\/2025\\\/11\\\/17\\\/brume-et-agrume-lhiver-sannonce\\\/#primaryimage\"},\"thumbnailUrl\":\"https:\\\/\\\/www.legraindesheures.ovh\\\/wp-content\\\/uploads\\\/2025\\\/11\\\/lr2023-5025-scaled-e1763396770584.jpg\",\"keywords\":[\"automne\",\"orange s\u00e9chage orange\",\"slow life\"],\"articleSection\":[\"Carnet de Saison\",\"Promenades\",\"slow life\"],\"inLanguage\":\"fr-FR\"},{\"@type\":\"WebPage\",\"@id\":\"http:\\\/\\\/www.legraindesheures.ovh\\\/index.php\\\/2025\\\/11\\\/17\\\/brume-et-agrume-lhiver-sannonce\\\/\",\"url\":\"http:\\\/\\\/www.legraindesheures.ovh\\\/index.php\\\/2025\\\/11\\\/17\\\/brume-et-agrume-lhiver-sannonce\\\/\",\"name\":\"Brume et agrume, l'hiver s'annonce - Le grain des heures\",\"isPartOf\":{\"@id\":\"http:\\\/\\\/www.legraindesheures.ovh\\\/#website\"},\"primaryImageOfPage\":{\"@id\":\"http:\\\/\\\/www.legraindesheures.ovh\\\/index.php\\\/2025\\\/11\\\/17\\\/brume-et-agrume-lhiver-sannonce\\\/#primaryimage\"},\"image\":{\"@id\":\"http:\\\/\\\/www.legraindesheures.ovh\\\/index.php\\\/2025\\\/11\\\/17\\\/brume-et-agrume-lhiver-sannonce\\\/#primaryimage\"},\"thumbnailUrl\":\"https:\\\/\\\/www.legraindesheures.ovh\\\/wp-content\\\/uploads\\\/2025\\\/11\\\/lr2023-5025-scaled-e1763396770584.jpg\",\"datePublished\":\"2025-11-17T16:27:09+00:00\",\"dateModified\":\"2025-11-17T16:28:20+00:00\",\"description\":\"Brume et agrume, l'hiver s'annonce\",\"breadcrumb\":{\"@id\":\"http:\\\/\\\/www.legraindesheures.ovh\\\/index.php\\\/2025\\\/11\\\/17\\\/brume-et-agrume-lhiver-sannonce\\\/#breadcrumb\"},\"inLanguage\":\"fr-FR\",\"potentialAction\":[{\"@type\":\"ReadAction\",\"target\":[\"http:\\\/\\\/www.legraindesheures.ovh\\\/index.php\\\/2025\\\/11\\\/17\\\/brume-et-agrume-lhiver-sannonce\\\/\"]}]},{\"@type\":\"ImageObject\",\"inLanguage\":\"fr-FR\",\"@id\":\"http:\\\/\\\/www.legraindesheures.ovh\\\/index.php\\\/2025\\\/11\\\/17\\\/brume-et-agrume-lhiver-sannonce\\\/#primaryimage\",\"url\":\"https:\\\/\\\/www.legraindesheures.ovh\\\/wp-content\\\/uploads\\\/2025\\\/11\\\/lr2023-5025-scaled-e1763396770584.jpg\",\"contentUrl\":\"https:\\\/\\\/www.legraindesheures.ovh\\\/wp-content\\\/uploads\\\/2025\\\/11\\\/lr2023-5025-scaled-e1763396770584.jpg\",\"width\":2560,\"height\":1707},{\"@type\":\"BreadcrumbList\",\"@id\":\"http:\\\/\\\/www.legraindesheures.ovh\\\/index.php\\\/2025\\\/11\\\/17\\\/brume-et-agrume-lhiver-sannonce\\\/#breadcrumb\",\"itemListElement\":[{\"@type\":\"ListItem\",\"position\":1,\"name\":\"Accueil\",\"item\":\"http:\\\/\\\/www.legraindesheures.ovh\\\/\"},{\"@type\":\"ListItem\",\"position\":2,\"name\":\"Brume et agrume, l&rsquo;hiver s&rsquo;annonce\"}]},{\"@type\":\"WebSite\",\"@id\":\"http:\\\/\\\/www.legraindesheures.ovh\\\/#website\",\"url\":\"http:\\\/\\\/www.legraindesheures.ovh\\\/\",\"name\":\"Le grain des heures\",\"description\":\"Beauty of ordinary days\",\"publisher\":{\"@id\":\"http:\\\/\\\/www.legraindesheures.ovh\\\/#\\\/schema\\\/person\\\/cfb99bdc37b2ce43399fe7748d89f161\"},\"potentialAction\":[{\"@type\":\"SearchAction\",\"target\":{\"@type\":\"EntryPoint\",\"urlTemplate\":\"http:\\\/\\\/www.legraindesheures.ovh\\\/?s={search_term_string}\"},\"query-input\":{\"@type\":\"PropertyValueSpecification\",\"valueRequired\":true,\"valueName\":\"search_term_string\"}}],\"inLanguage\":\"fr-FR\"},{\"@type\":[\"Person\",\"Organization\"],\"@id\":\"http:\\\/\\\/www.legraindesheures.ovh\\\/#\\\/schema\\\/person\\\/cfb99bdc37b2ce43399fe7748d89f161\",\"name\":\"Muriel Turmes\",\"image\":{\"@type\":\"ImageObject\",\"inLanguage\":\"fr-FR\",\"@id\":\"https:\\\/\\\/secure.gravatar.com\\\/avatar\\\/df648abd54fd30b1686f3a8a3ec6632be51efe0530ac9d0955f04ffb9bc5a65e?s=96&d=mm&r=g\",\"url\":\"https:\\\/\\\/secure.gravatar.com\\\/avatar\\\/df648abd54fd30b1686f3a8a3ec6632be51efe0530ac9d0955f04ffb9bc5a65e?s=96&d=mm&r=g\",\"contentUrl\":\"https:\\\/\\\/secure.gravatar.com\\\/avatar\\\/df648abd54fd30b1686f3a8a3ec6632be51efe0530ac9d0955f04ffb9bc5a65e?s=96&d=mm&r=g\",\"caption\":\"Muriel Turmes\"},\"logo\":{\"@id\":\"https:\\\/\\\/secure.gravatar.com\\\/avatar\\\/df648abd54fd30b1686f3a8a3ec6632be51efe0530ac9d0955f04ffb9bc5a65e?s=96&d=mm&r=g\"},\"sameAs\":[\"http:\\\/\\\/www.legraindesheures.ovh\",\"instagram.com\\\/murielturmes\\\/\"],\"url\":\"https:\\\/\\\/www.legraindesheures.ovh\\\/index.php\\\/author\\\/ese150906\\\/\"}]}<\/script>\n<!-- \/ Yoast SEO plugin. -->","yoast_head_json":{"title":"Brume et agrume, l'hiver s'annonce - Le grain des heures","description":"Brume et agrume, l'hiver s'annonce","robots":{"index":"index","follow":"follow","max-snippet":"max-snippet:-1","max-image-preview":"max-image-preview:large","max-video-preview":"max-video-preview:-1"},"canonical":"http:\/\/www.legraindesheures.ovh\/index.php\/2025\/11\/17\/brume-et-agrume-lhiver-sannonce\/","og_locale":"fr_FR","og_type":"article","og_title":"Brume et agrume, l'hiver s'annonce - Le grain des heures","og_description":"Brume et agrume, l'hiver s'annonce","og_url":"http:\/\/www.legraindesheures.ovh\/index.php\/2025\/11\/17\/brume-et-agrume-lhiver-sannonce\/","og_site_name":"Le grain des heures","article_published_time":"2025-11-17T16:27:09+00:00","article_modified_time":"2025-11-17T16:28:20+00:00","og_image":[{"width":2560,"height":1707,"url":"http:\/\/www.legraindesheures.ovh\/wp-content\/uploads\/2025\/11\/lr2023-5025-scaled-e1763396770584.jpg","type":"image\/jpeg"}],"author":"Muriel Turmes","twitter_card":"summary_large_image","twitter_misc":{"\u00c9crit par":"Muriel Turmes","Dur\u00e9e de lecture estim\u00e9e":"2 minutes"},"schema":{"@context":"https:\/\/schema.org","@graph":[{"@type":"Article","@id":"http:\/\/www.legraindesheures.ovh\/index.php\/2025\/11\/17\/brume-et-agrume-lhiver-sannonce\/#article","isPartOf":{"@id":"http:\/\/www.legraindesheures.ovh\/index.php\/2025\/11\/17\/brume-et-agrume-lhiver-sannonce\/"},"author":{"name":"Muriel Turmes","@id":"http:\/\/www.legraindesheures.ovh\/#\/schema\/person\/cfb99bdc37b2ce43399fe7748d89f161"},"headline":"Brume et agrume, l&rsquo;hiver s&rsquo;annonce","datePublished":"2025-11-17T16:27:09+00:00","dateModified":"2025-11-17T16:28:20+00:00","mainEntityOfPage":{"@id":"http:\/\/www.legraindesheures.ovh\/index.php\/2025\/11\/17\/brume-et-agrume-lhiver-sannonce\/"},"wordCount":143,"publisher":{"@id":"http:\/\/www.legraindesheures.ovh\/#\/schema\/person\/cfb99bdc37b2ce43399fe7748d89f161"},"image":{"@id":"http:\/\/www.legraindesheures.ovh\/index.php\/2025\/11\/17\/brume-et-agrume-lhiver-sannonce\/#primaryimage"},"thumbnailUrl":"https:\/\/www.legraindesheures.ovh\/wp-content\/uploads\/2025\/11\/lr2023-5025-scaled-e1763396770584.jpg","keywords":["automne","orange s\u00e9chage orange","slow life"],"articleSection":["Carnet de Saison","Promenades","slow life"],"inLanguage":"fr-FR"},{"@type":"WebPage","@id":"http:\/\/www.legraindesheures.ovh\/index.php\/2025\/11\/17\/brume-et-agrume-lhiver-sannonce\/","url":"http:\/\/www.legraindesheures.ovh\/index.php\/2025\/11\/17\/brume-et-agrume-lhiver-sannonce\/","name":"Brume et agrume, l'hiver s'annonce - Le grain des heures","isPartOf":{"@id":"http:\/\/www.legraindesheures.ovh\/#website"},"primaryImageOfPage":{"@id":"http:\/\/www.legraindesheures.ovh\/index.php\/2025\/11\/17\/brume-et-agrume-lhiver-sannonce\/#primaryimage"},"image":{"@id":"http:\/\/www.legraindesheures.ovh\/index.php\/2025\/11\/17\/brume-et-agrume-lhiver-sannonce\/#primaryimage"},"thumbnailUrl":"https:\/\/www.legraindesheures.ovh\/wp-content\/uploads\/2025\/11\/lr2023-5025-scaled-e1763396770584.jpg","datePublished":"2025-11-17T16:27:09+00:00","dateModified":"2025-11-17T16:28:20+00:00","description":"Brume et agrume, l'hiver s'annonce","breadcrumb":{"@id":"http:\/\/www.legraindesheures.ovh\/index.php\/2025\/11\/17\/brume-et-agrume-lhiver-sannonce\/#breadcrumb"},"inLanguage":"fr-FR","potentialAction":[{"@type":"ReadAction","target":["http:\/\/www.legraindesheures.ovh\/index.php\/2025\/11\/17\/brume-et-agrume-lhiver-sannonce\/"]}]},{"@type":"ImageObject","inLanguage":"fr-FR","@id":"http:\/\/www.legraindesheures.ovh\/index.php\/2025\/11\/17\/brume-et-agrume-lhiver-sannonce\/#primaryimage","url":"https:\/\/www.legraindesheures.ovh\/wp-content\/uploads\/2025\/11\/lr2023-5025-scaled-e1763396770584.jpg","contentUrl":"https:\/\/www.legraindesheures.ovh\/wp-content\/uploads\/2025\/11\/lr2023-5025-scaled-e1763396770584.jpg","width":2560,"height":1707},{"@type":"BreadcrumbList","@id":"http:\/\/www.legraindesheures.ovh\/index.php\/2025\/11\/17\/brume-et-agrume-lhiver-sannonce\/#breadcrumb","itemListElement":[{"@type":"ListItem","position":1,"name":"Accueil","item":"http:\/\/www.legraindesheures.ovh\/"},{"@type":"ListItem","position":2,"name":"Brume et agrume, l&rsquo;hiver s&rsquo;annonce"}]},{"@type":"WebSite","@id":"http:\/\/www.legraindesheures.ovh\/#website","url":"http:\/\/www.legraindesheures.ovh\/","name":"Le grain des heures","description":"Beauty of ordinary days","publisher":{"@id":"http:\/\/www.legraindesheures.ovh\/#\/schema\/person\/cfb99bdc37b2ce43399fe7748d89f161"},"potentialAction":[{"@type":"SearchAction","target":{"@type":"EntryPoint","urlTemplate":"http:\/\/www.legraindesheures.ovh\/?s={search_term_string}"},"query-input":{"@type":"PropertyValueSpecification","valueRequired":true,"valueName":"search_term_string"}}],"inLanguage":"fr-FR"},{"@type":["Person","Organization"],"@id":"http:\/\/www.legraindesheures.ovh\/#\/schema\/person\/cfb99bdc37b2ce43399fe7748d89f161","name":"Muriel Turmes","image":{"@type":"ImageObject","inLanguage":"fr-FR","@id":"https:\/\/secure.gravatar.com\/avatar\/df648abd54fd30b1686f3a8a3ec6632be51efe0530ac9d0955f04ffb9bc5a65e?s=96&d=mm&r=g","url":"https:\/\/secure.gravatar.com\/avatar\/df648abd54fd30b1686f3a8a3ec6632be51efe0530ac9d0955f04ffb9bc5a65e?s=96&d=mm&r=g","contentUrl":"https:\/\/secure.gravatar.com\/avatar\/df648abd54fd30b1686f3a8a3ec6632be51efe0530ac9d0955f04ffb9bc5a65e?s=96&d=mm&r=g","caption":"Muriel Turmes"},"logo":{"@id":"https:\/\/secure.gravatar.com\/avatar\/df648abd54fd30b1686f3a8a3ec6632be51efe0530ac9d0955f04ffb9bc5a65e?s=96&d=mm&r=g"},"sameAs":["http:\/\/www.legraindesheures.ovh","instagram.com\/murielturmes\/"],"url":"https:\/\/www.legraindesheures.ovh\/index.php\/author\/ese150906\/"}]}},"jetpack_featured_media_url":"https:\/\/www.legraindesheures.ovh\/wp-content\/uploads\/2025\/11\/lr2023-5025-scaled-e1763396770584.jpg","jetpack_sharing_enabled":true,"_links":{"self":[{"href":"https:\/\/www.legraindesheures.ovh\/index.php\/wp-json\/wp\/v2\/posts\/318","targetHints":{"allow":["GET"]}}],"collection":[{"href":"https:\/\/www.legraindesheures.ovh\/index.php\/wp-json\/wp\/v2\/posts"}],"about":[{"href":"https:\/\/www.legraindesheures.ovh\/index.php\/wp-json\/wp\/v2\/types\/post"}],"author":[{"embeddable":true,"href":"https:\/\/www.legraindesheures.ovh\/index.php\/wp-json\/wp\/v2\/users\/1"}],"replies":[{"embeddable":true,"href":"https:\/\/www.legraindesheures.ovh\/index.php\/wp-json\/wp\/v2\/comments?post=318"}],"version-history":[{"count":1,"href":"https:\/\/www.legraindesheures.ovh\/index.php\/wp-json\/wp\/v2\/posts\/318\/revisions"}],"predecessor-version":[{"id":323,"href":"https:\/\/www.legraindesheures.ovh\/index.php\/wp-json\/wp\/v2\/posts\/318\/revisions\/323"}],"wp:featuredmedia":[{"embeddable":true,"href":"https:\/\/www.legraindesheures.ovh\/index.php\/wp-json\/wp\/v2\/media\/322"}],"wp:attachment":[{"href":"https:\/\/www.legraindesheures.ovh\/index.php\/wp-json\/wp\/v2\/media?parent=318"}],"wp:term":[{"taxonomy":"category","embeddable":true,"href":"https:\/\/www.legraindesheures.ovh\/index.php\/wp-json\/wp\/v2\/categories?post=318"},{"taxonomy":"post_tag","embeddable":true,"href":"https:\/\/www.legraindesheures.ovh\/index.php\/wp-json\/wp\/v2\/tags?post=318"}],"curies":[{"name":"wp","href":"https:\/\/api.w.org\/{rel}","templated":true}]}}