{"id":325,"date":"2026-01-13T17:23:44","date_gmt":"2026-01-13T16:23:44","guid":{"rendered":"https:\/\/www.legraindesheures.ovh\/?p=325"},"modified":"2026-01-14T09:43:56","modified_gmt":"2026-01-14T08:43:56","slug":"les-premiers-jours-de-janvier","status":"publish","type":"post","link":"https:\/\/www.legraindesheures.ovh\/index.php\/2026\/01\/13\/les-premiers-jours-de-janvier\/","title":{"rendered":"Les premiers jours de janvier"},"content":{"rendered":"\n<p><\/p>\n\n\n\n<h2 class=\"wp-block-heading\">Crockdur \u00e0 la mer, le vent dans les poils ! <\/h2>\n\n\n\n<p><\/p>\n\n\n<div class=\"wp-block-image\">\n<figure class=\"aligncenter size-full\"><img loading=\"lazy\" decoding=\"async\" width=\"675\" height=\"900\" src=\"http:\/\/www.legraindesheures.ovh\/wp-content\/uploads\/2026\/01\/lr2026-1002.jpg\" alt=\"border collie sur une plage\" class=\"wp-image-328\" srcset=\"https:\/\/www.legraindesheures.ovh\/wp-content\/uploads\/2026\/01\/lr2026-1002.jpg 675w, https:\/\/www.legraindesheures.ovh\/wp-content\/uploads\/2026\/01\/lr2026-1002-225x300.jpg 225w, https:\/\/www.legraindesheures.ovh\/wp-content\/uploads\/2026\/01\/lr2026-1002-165x220.jpg 165w, https:\/\/www.legraindesheures.ovh\/wp-content\/uploads\/2026\/01\/lr2026-1002-359x479.jpg 359w\" sizes=\"auto, (max-width: 675px) 100vw, 675px\" \/><\/figure>\n<\/div>\n\n\n<p><\/p>\n\n\n<div class=\"wp-block-image\">\n<figure class=\"aligncenter size-full\"><img loading=\"lazy\" decoding=\"async\" width=\"675\" height=\"900\" src=\"http:\/\/www.legraindesheures.ovh\/wp-content\/uploads\/2026\/01\/lr2026-0994.jpg\" alt=\"\" class=\"wp-image-327\" srcset=\"https:\/\/www.legraindesheures.ovh\/wp-content\/uploads\/2026\/01\/lr2026-0994.jpg 675w, https:\/\/www.legraindesheures.ovh\/wp-content\/uploads\/2026\/01\/lr2026-0994-225x300.jpg 225w, https:\/\/www.legraindesheures.ovh\/wp-content\/uploads\/2026\/01\/lr2026-0994-165x220.jpg 165w, https:\/\/www.legraindesheures.ovh\/wp-content\/uploads\/2026\/01\/lr2026-0994-359x479.jpg 359w\" sizes=\"auto, (max-width: 675px) 100vw, 675px\" \/><\/figure>\n<\/div>\n\n\n<p><\/p>\n\n\n\n<figure class=\"wp-block-image size-full\"><img loading=\"lazy\" decoding=\"async\" width=\"900\" height=\"675\" src=\"http:\/\/www.legraindesheures.ovh\/wp-content\/uploads\/2026\/01\/lr2026-1048.jpg\" alt=\"\" class=\"wp-image-329\" srcset=\"https:\/\/www.legraindesheures.ovh\/wp-content\/uploads\/2026\/01\/lr2026-1048.jpg 900w, https:\/\/www.legraindesheures.ovh\/wp-content\/uploads\/2026\/01\/lr2026-1048-300x225.jpg 300w, https:\/\/www.legraindesheures.ovh\/wp-content\/uploads\/2026\/01\/lr2026-1048-768x576.jpg 768w, https:\/\/www.legraindesheures.ovh\/wp-content\/uploads\/2026\/01\/lr2026-1048-293x220.jpg 293w, https:\/\/www.legraindesheures.ovh\/wp-content\/uploads\/2026\/01\/lr2026-1048-359x269.jpg 359w\" sizes=\"auto, (max-width: 900px) 100vw, 900px\" \/><\/figure>\n\n\n\n<p><\/p>\n\n\n\n<p>L&rsquo;ann\u00e9e a d\u00e9but\u00e9 \u00e0 la mer, en Z\u00e9lande, avec du vent, des embruns sur les l\u00e8vres et le froid qui pique les joues. <\/p>\n\n\n\n<p><a href=\"https:\/\/www.instagram.com\/explore\/search\/keyword\/?q=%23crockdurthecollie\" target=\"_blank\" rel=\"noreferrer noopener\">Crockdur<\/a>, compagnon de toutes les saisons, s&rsquo;interroge. Il n&rsquo;aime ni le bruit du vent, ni celui de la mer&#8230; et cette eau qui ne coule pas comme une rivi\u00e8re mais qui avance et recule sans cesse&#8230; Si on n&rsquo;y prend garde, elle vous surprend et vous mouille les pattes ! <\/p>\n\n\n\n<p>J&rsquo;adore la mer en hiver, surtout quand il y a du vent, on y respire. La brise du large nettoie mes cellules et mon \u00e2me. On y d\u00e9pose ce qu&rsquo;on laisse de 2025 et on fait place nette pour 2026. <br><\/p>\n\n\n\n<h2 class=\"wp-block-heading\">La neige enveloppe tout de silence<\/h2>\n\n\n\n<p><\/p>\n\n\n<div class=\"wp-block-image\">\n<figure class=\"aligncenter size-full\"><img loading=\"lazy\" decoding=\"async\" width=\"675\" height=\"900\" src=\"http:\/\/www.legraindesheures.ovh\/wp-content\/uploads\/2026\/01\/lr2026-1064.jpg\" alt=\"lumi\u00e8res oranges de l'aube sur sol gel\u00e9\" class=\"wp-image-330\" srcset=\"https:\/\/www.legraindesheures.ovh\/wp-content\/uploads\/2026\/01\/lr2026-1064.jpg 675w, https:\/\/www.legraindesheures.ovh\/wp-content\/uploads\/2026\/01\/lr2026-1064-225x300.jpg 225w, https:\/\/www.legraindesheures.ovh\/wp-content\/uploads\/2026\/01\/lr2026-1064-165x220.jpg 165w, https:\/\/www.legraindesheures.ovh\/wp-content\/uploads\/2026\/01\/lr2026-1064-359x479.jpg 359w\" sizes=\"auto, (max-width: 675px) 100vw, 675px\" \/><\/figure>\n<\/div>\n\n\n<p><\/p>\n\n\n<div class=\"wp-block-image\">\n<figure class=\"aligncenter size-full\"><img loading=\"lazy\" decoding=\"async\" width=\"675\" height=\"900\" src=\"http:\/\/www.legraindesheures.ovh\/wp-content\/uploads\/2026\/01\/lr2026-1119.jpg\" alt=\"\" class=\"wp-image-332\" srcset=\"https:\/\/www.legraindesheures.ovh\/wp-content\/uploads\/2026\/01\/lr2026-1119.jpg 675w, https:\/\/www.legraindesheures.ovh\/wp-content\/uploads\/2026\/01\/lr2026-1119-225x300.jpg 225w, https:\/\/www.legraindesheures.ovh\/wp-content\/uploads\/2026\/01\/lr2026-1119-165x220.jpg 165w, https:\/\/www.legraindesheures.ovh\/wp-content\/uploads\/2026\/01\/lr2026-1119-359x479.jpg 359w\" sizes=\"auto, (max-width: 675px) 100vw, 675px\" \/><\/figure>\n<\/div>\n\n\n<p><\/p>\n\n\n<div class=\"wp-block-image\">\n<figure class=\"aligncenter size-full\"><img loading=\"lazy\" decoding=\"async\" width=\"675\" height=\"900\" src=\"http:\/\/www.legraindesheures.ovh\/wp-content\/uploads\/2026\/01\/lr2026-1076.jpg\" alt=\"trace blaireau dans la neige\" class=\"wp-image-337\" srcset=\"https:\/\/www.legraindesheures.ovh\/wp-content\/uploads\/2026\/01\/lr2026-1076.jpg 675w, https:\/\/www.legraindesheures.ovh\/wp-content\/uploads\/2026\/01\/lr2026-1076-225x300.jpg 225w, https:\/\/www.legraindesheures.ovh\/wp-content\/uploads\/2026\/01\/lr2026-1076-165x220.jpg 165w, https:\/\/www.legraindesheures.ovh\/wp-content\/uploads\/2026\/01\/lr2026-1076-359x479.jpg 359w\" sizes=\"auto, (max-width: 675px) 100vw, 675px\" \/><\/figure>\n<\/div>\n\n\n<p><\/p>\n\n\n<div class=\"wp-block-image\">\n<figure class=\"aligncenter size-full\"><img loading=\"lazy\" decoding=\"async\" width=\"675\" height=\"900\" src=\"http:\/\/www.legraindesheures.ovh\/wp-content\/uploads\/2026\/01\/lr2026-1.jpg\" alt=\"\" class=\"wp-image-326\" srcset=\"https:\/\/www.legraindesheures.ovh\/wp-content\/uploads\/2026\/01\/lr2026-1.jpg 675w, https:\/\/www.legraindesheures.ovh\/wp-content\/uploads\/2026\/01\/lr2026-1-225x300.jpg 225w, https:\/\/www.legraindesheures.ovh\/wp-content\/uploads\/2026\/01\/lr2026-1-165x220.jpg 165w, https:\/\/www.legraindesheures.ovh\/wp-content\/uploads\/2026\/01\/lr2026-1-359x479.jpg 359w\" sizes=\"auto, (max-width: 675px) 100vw, 675px\" \/><\/figure>\n<\/div>\n\n\n<p><\/p>\n\n\n\n<p>A notre retour, c&rsquo;est le froid et la neige qui se sont install\u00e9s. Matins magiques et journ\u00e9es sombres. Puis, la neige arrive. <\/p>\n\n\n\n<p>La neige ralentit le monde et recouvre tout d&rsquo;un manteau de calme blanc. <\/p>\n\n\n\n<p>Elle invite \u00e0 \u00e9couter. \u00c0 sentir le craquement sous les pas. \u00c0 regarder les traces \u2014 celles de Crockdur, celles d&rsquo;un blaireau, celles de nos propres h\u00e9sitations.<\/p>\n\n\n\n<p><\/p>\n\n\n\n<h2 class=\"wp-block-heading\">Hibernation<\/h2>\n\n\n\n<p><\/p>\n\n\n<div class=\"wp-block-image\">\n<figure class=\"aligncenter size-full\"><img loading=\"lazy\" decoding=\"async\" width=\"600\" height=\"900\" src=\"http:\/\/www.legraindesheures.ovh\/wp-content\/uploads\/2026\/01\/lr2026-6351.jpg\" alt=\"bougie\" class=\"wp-image-334\" srcset=\"https:\/\/www.legraindesheures.ovh\/wp-content\/uploads\/2026\/01\/lr2026-6351.jpg 600w, https:\/\/www.legraindesheures.ovh\/wp-content\/uploads\/2026\/01\/lr2026-6351-200x300.jpg 200w, https:\/\/www.legraindesheures.ovh\/wp-content\/uploads\/2026\/01\/lr2026-6351-147x220.jpg 147w, https:\/\/www.legraindesheures.ovh\/wp-content\/uploads\/2026\/01\/lr2026-6351-359x539.jpg 359w\" sizes=\"auto, (max-width: 600px) 100vw, 600px\" \/><\/figure>\n<\/div>\n\n\n<p><\/p>\n\n\n\n<p>C&rsquo;est mon mot phare de ce mois de janvier. <\/p>\n\n\n\n<p>Janvier n&rsquo;est pas le mois des r\u00e9solutions, l&rsquo;\u00e9nergie n&rsquo;est pas \u00e0 l&rsquo;action elle est au repos, \u00e0 la gestation, aux r\u00eaves. <\/p>\n\n\n\n<p><\/p>\n\n\n\n<h2 class=\"wp-block-heading\">La galette des rois<\/h2>\n\n\n\n<p><\/p>\n\n\n\n<p><\/p>\n\n\n<div class=\"wp-block-image\">\n<figure class=\"aligncenter size-full\"><img loading=\"lazy\" decoding=\"async\" width=\"900\" height=\"675\" src=\"http:\/\/www.legraindesheures.ovh\/wp-content\/uploads\/2026\/01\/lr2026-1078.jpg\" alt=\"galette des rois\" class=\"wp-image-331\" srcset=\"https:\/\/www.legraindesheures.ovh\/wp-content\/uploads\/2026\/01\/lr2026-1078.jpg 900w, https:\/\/www.legraindesheures.ovh\/wp-content\/uploads\/2026\/01\/lr2026-1078-300x225.jpg 300w, https:\/\/www.legraindesheures.ovh\/wp-content\/uploads\/2026\/01\/lr2026-1078-768x576.jpg 768w, https:\/\/www.legraindesheures.ovh\/wp-content\/uploads\/2026\/01\/lr2026-1078-293x220.jpg 293w, https:\/\/www.legraindesheures.ovh\/wp-content\/uploads\/2026\/01\/lr2026-1078-359x269.jpg 359w\" sizes=\"auto, (max-width: 900px) 100vw, 900px\" \/><\/figure>\n<\/div>\n\n\n<p><\/p>\n\n\n\n<p>LA gourmandise de ce d\u00e9but de janvier. Je ne l&rsquo;aime pas \u00e0 la frangipane, alors j&rsquo;ai fait poires &#8211; chocolat ! <\/p>\n\n\n\n<p>Je n&rsquo;ai pas eu la f\u00e8ve, mais le roi m&rsquo;a choisie pour \u00eatre sa reine ! <\/p>\n\n\n\n<p><\/p>\n\n\n\n<p><strong>Entre la mer qui \u00e9nergise, la neige qui apaise, mon humeur en mode hibernation et la galette gourmande,  janvier devient un mois de contrastes.<br>Un mois pour se reposer, se recentrer, se recr\u00e9er.<br><\/strong><\/p>\n","protected":false},"excerpt":{"rendered":"<p>Crockdur \u00e0 la mer, le vent dans les poils ! L&rsquo;ann\u00e9e a d\u00e9but\u00e9 \u00e0 la mer, en Z\u00e9lande, avec du vent, des embruns sur les &hellip;<\/p>\n","protected":false},"author":1,"featured_media":336,"comment_status":"closed","ping_status":"open","sticky":false,"template":"","format":"standard","meta":{"_jetpack_memberships_contains_paid_content":false,"footnotes":""},"categories":[9],"tags":[42,43,44],"class_list":["post-325","post","type-post","status-publish","format-standard","has-post-thumbnail","hentry","category-slow-life","tag-hiver","tag-janvier","tag-mer"],"yoast_head":"<!-- This site is optimized with the Yoast SEO plugin v27.5 - https:\/\/yoast.com\/product\/yoast-seo-wordpress\/ -->\n<title>Les premiers jours de janvier - Le grain des heures<\/title>\n<meta name=\"description\" content=\"Les premiers jours de janvier Entre la mer qui \u00e9nergise, la neige qui apaise, mon humeur en mode hibernation et la galette gourmande, janvier devient un mois de contrastes.Un mois pour se reposer, se recentrer, se recr\u00e9er.\" \/>\n<meta name=\"robots\" content=\"index, follow, max-snippet:-1, max-image-preview:large, max-video-preview:-1\" \/>\n<link rel=\"canonical\" href=\"http:\/\/www.legraindesheures.ovh\/index.php\/2026\/01\/13\/les-premiers-jours-de-janvier\/\" \/>\n<meta property=\"og:locale\" content=\"fr_FR\" \/>\n<meta property=\"og:type\" content=\"article\" \/>\n<meta property=\"og:title\" content=\"Les premiers jours de janvier - Le grain des heures\" \/>\n<meta property=\"og:description\" content=\"Les premiers jours de janvier Entre la mer qui \u00e9nergise, la neige qui apaise, mon humeur en mode hibernation et la galette gourmande, janvier devient un mois de contrastes.Un mois pour se reposer, se recentrer, se recr\u00e9er.\" \/>\n<meta property=\"og:url\" content=\"http:\/\/www.legraindesheures.ovh\/index.php\/2026\/01\/13\/les-premiers-jours-de-janvier\/\" \/>\n<meta property=\"og:site_name\" content=\"Le grain des heures\" \/>\n<meta property=\"article:published_time\" content=\"2026-01-13T16:23:44+00:00\" \/>\n<meta property=\"article:modified_time\" content=\"2026-01-14T08:43:56+00:00\" \/>\n<meta property=\"og:image\" content=\"http:\/\/www.legraindesheures.ovh\/wp-content\/uploads\/2026\/01\/IMG_1019.jpg\" \/>\n\t<meta property=\"og:image:width\" content=\"2049\" \/>\n\t<meta property=\"og:image:height\" content=\"1537\" \/>\n\t<meta property=\"og:image:type\" content=\"image\/jpeg\" \/>\n<meta name=\"author\" content=\"Muriel Turmes\" \/>\n<meta name=\"twitter:card\" content=\"summary_large_image\" \/>\n<meta name=\"twitter:label1\" content=\"\u00c9crit par\" \/>\n\t<meta name=\"twitter:data1\" content=\"Muriel Turmes\" \/>\n\t<meta name=\"twitter:label2\" content=\"Dur\u00e9e de lecture estim\u00e9e\" \/>\n\t<meta name=\"twitter:data2\" content=\"4 minutes\" \/>\n<script type=\"application\/ld+json\" class=\"yoast-schema-graph\">{\"@context\":\"https:\\\/\\\/schema.org\",\"@graph\":[{\"@type\":\"Article\",\"@id\":\"http:\\\/\\\/www.legraindesheures.ovh\\\/index.php\\\/2026\\\/01\\\/13\\\/les-premiers-jours-de-janvier\\\/#article\",\"isPartOf\":{\"@id\":\"http:\\\/\\\/www.legraindesheures.ovh\\\/index.php\\\/2026\\\/01\\\/13\\\/les-premiers-jours-de-janvier\\\/\"},\"author\":{\"name\":\"Muriel Turmes\",\"@id\":\"http:\\\/\\\/www.legraindesheures.ovh\\\/#\\\/schema\\\/person\\\/cfb99bdc37b2ce43399fe7748d89f161\"},\"headline\":\"Les premiers jours de janvier\",\"datePublished\":\"2026-01-13T16:23:44+00:00\",\"dateModified\":\"2026-01-14T08:43:56+00:00\",\"mainEntityOfPage\":{\"@id\":\"http:\\\/\\\/www.legraindesheures.ovh\\\/index.php\\\/2026\\\/01\\\/13\\\/les-premiers-jours-de-janvier\\\/\"},\"wordCount\":301,\"publisher\":{\"@id\":\"http:\\\/\\\/www.legraindesheures.ovh\\\/#\\\/schema\\\/person\\\/cfb99bdc37b2ce43399fe7748d89f161\"},\"image\":{\"@id\":\"http:\\\/\\\/www.legraindesheures.ovh\\\/index.php\\\/2026\\\/01\\\/13\\\/les-premiers-jours-de-janvier\\\/#primaryimage\"},\"thumbnailUrl\":\"https:\\\/\\\/www.legraindesheures.ovh\\\/wp-content\\\/uploads\\\/2026\\\/01\\\/IMG_1019.jpg\",\"keywords\":[\"hiver\",\"janvier\",\"mer\"],\"articleSection\":[\"slow life\"],\"inLanguage\":\"fr-FR\"},{\"@type\":\"WebPage\",\"@id\":\"http:\\\/\\\/www.legraindesheures.ovh\\\/index.php\\\/2026\\\/01\\\/13\\\/les-premiers-jours-de-janvier\\\/\",\"url\":\"http:\\\/\\\/www.legraindesheures.ovh\\\/index.php\\\/2026\\\/01\\\/13\\\/les-premiers-jours-de-janvier\\\/\",\"name\":\"Les premiers jours de janvier - Le grain des heures\",\"isPartOf\":{\"@id\":\"http:\\\/\\\/www.legraindesheures.ovh\\\/#website\"},\"primaryImageOfPage\":{\"@id\":\"http:\\\/\\\/www.legraindesheures.ovh\\\/index.php\\\/2026\\\/01\\\/13\\\/les-premiers-jours-de-janvier\\\/#primaryimage\"},\"image\":{\"@id\":\"http:\\\/\\\/www.legraindesheures.ovh\\\/index.php\\\/2026\\\/01\\\/13\\\/les-premiers-jours-de-janvier\\\/#primaryimage\"},\"thumbnailUrl\":\"https:\\\/\\\/www.legraindesheures.ovh\\\/wp-content\\\/uploads\\\/2026\\\/01\\\/IMG_1019.jpg\",\"datePublished\":\"2026-01-13T16:23:44+00:00\",\"dateModified\":\"2026-01-14T08:43:56+00:00\",\"description\":\"Les premiers jours de janvier Entre la mer qui \u00e9nergise, la neige qui apaise, mon humeur en mode hibernation et la galette gourmande, janvier devient un mois de contrastes.Un mois pour se reposer, se recentrer, se recr\u00e9er.\",\"breadcrumb\":{\"@id\":\"http:\\\/\\\/www.legraindesheures.ovh\\\/index.php\\\/2026\\\/01\\\/13\\\/les-premiers-jours-de-janvier\\\/#breadcrumb\"},\"inLanguage\":\"fr-FR\",\"potentialAction\":[{\"@type\":\"ReadAction\",\"target\":[\"http:\\\/\\\/www.legraindesheures.ovh\\\/index.php\\\/2026\\\/01\\\/13\\\/les-premiers-jours-de-janvier\\\/\"]}]},{\"@type\":\"ImageObject\",\"inLanguage\":\"fr-FR\",\"@id\":\"http:\\\/\\\/www.legraindesheures.ovh\\\/index.php\\\/2026\\\/01\\\/13\\\/les-premiers-jours-de-janvier\\\/#primaryimage\",\"url\":\"https:\\\/\\\/www.legraindesheures.ovh\\\/wp-content\\\/uploads\\\/2026\\\/01\\\/IMG_1019.jpg\",\"contentUrl\":\"https:\\\/\\\/www.legraindesheures.ovh\\\/wp-content\\\/uploads\\\/2026\\\/01\\\/IMG_1019.jpg\",\"width\":2049,\"height\":1537,\"caption\":\"happy 2026\"},{\"@type\":\"BreadcrumbList\",\"@id\":\"http:\\\/\\\/www.legraindesheures.ovh\\\/index.php\\\/2026\\\/01\\\/13\\\/les-premiers-jours-de-janvier\\\/#breadcrumb\",\"itemListElement\":[{\"@type\":\"ListItem\",\"position\":1,\"name\":\"Accueil\",\"item\":\"http:\\\/\\\/www.legraindesheures.ovh\\\/\"},{\"@type\":\"ListItem\",\"position\":2,\"name\":\"Les premiers jours de janvier\"}]},{\"@type\":\"WebSite\",\"@id\":\"http:\\\/\\\/www.legraindesheures.ovh\\\/#website\",\"url\":\"http:\\\/\\\/www.legraindesheures.ovh\\\/\",\"name\":\"Le grain des heures\",\"description\":\"Beauty of ordinary days\",\"publisher\":{\"@id\":\"http:\\\/\\\/www.legraindesheures.ovh\\\/#\\\/schema\\\/person\\\/cfb99bdc37b2ce43399fe7748d89f161\"},\"potentialAction\":[{\"@type\":\"SearchAction\",\"target\":{\"@type\":\"EntryPoint\",\"urlTemplate\":\"http:\\\/\\\/www.legraindesheures.ovh\\\/?s={search_term_string}\"},\"query-input\":{\"@type\":\"PropertyValueSpecification\",\"valueRequired\":true,\"valueName\":\"search_term_string\"}}],\"inLanguage\":\"fr-FR\"},{\"@type\":[\"Person\",\"Organization\"],\"@id\":\"http:\\\/\\\/www.legraindesheures.ovh\\\/#\\\/schema\\\/person\\\/cfb99bdc37b2ce43399fe7748d89f161\",\"name\":\"Muriel Turmes\",\"image\":{\"@type\":\"ImageObject\",\"inLanguage\":\"fr-FR\",\"@id\":\"https:\\\/\\\/secure.gravatar.com\\\/avatar\\\/df648abd54fd30b1686f3a8a3ec6632be51efe0530ac9d0955f04ffb9bc5a65e?s=96&d=mm&r=g\",\"url\":\"https:\\\/\\\/secure.gravatar.com\\\/avatar\\\/df648abd54fd30b1686f3a8a3ec6632be51efe0530ac9d0955f04ffb9bc5a65e?s=96&d=mm&r=g\",\"contentUrl\":\"https:\\\/\\\/secure.gravatar.com\\\/avatar\\\/df648abd54fd30b1686f3a8a3ec6632be51efe0530ac9d0955f04ffb9bc5a65e?s=96&d=mm&r=g\",\"caption\":\"Muriel Turmes\"},\"logo\":{\"@id\":\"https:\\\/\\\/secure.gravatar.com\\\/avatar\\\/df648abd54fd30b1686f3a8a3ec6632be51efe0530ac9d0955f04ffb9bc5a65e?s=96&d=mm&r=g\"},\"sameAs\":[\"http:\\\/\\\/www.legraindesheures.ovh\",\"instagram.com\\\/murielturmes\\\/\"],\"url\":\"https:\\\/\\\/www.legraindesheures.ovh\\\/index.php\\\/author\\\/ese150906\\\/\"}]}<\/script>\n<!-- \/ Yoast SEO plugin. -->","yoast_head_json":{"title":"Les premiers jours de janvier - Le grain des heures","description":"Les premiers jours de janvier Entre la mer qui \u00e9nergise, la neige qui apaise, mon humeur en mode hibernation et la galette gourmande, janvier devient un mois de contrastes.Un mois pour se reposer, se recentrer, se recr\u00e9er.","robots":{"index":"index","follow":"follow","max-snippet":"max-snippet:-1","max-image-preview":"max-image-preview:large","max-video-preview":"max-video-preview:-1"},"canonical":"http:\/\/www.legraindesheures.ovh\/index.php\/2026\/01\/13\/les-premiers-jours-de-janvier\/","og_locale":"fr_FR","og_type":"article","og_title":"Les premiers jours de janvier - Le grain des heures","og_description":"Les premiers jours de janvier Entre la mer qui \u00e9nergise, la neige qui apaise, mon humeur en mode hibernation et la galette gourmande, janvier devient un mois de contrastes.Un mois pour se reposer, se recentrer, se recr\u00e9er.","og_url":"http:\/\/www.legraindesheures.ovh\/index.php\/2026\/01\/13\/les-premiers-jours-de-janvier\/","og_site_name":"Le grain des heures","article_published_time":"2026-01-13T16:23:44+00:00","article_modified_time":"2026-01-14T08:43:56+00:00","og_image":[{"width":2049,"height":1537,"url":"http:\/\/www.legraindesheures.ovh\/wp-content\/uploads\/2026\/01\/IMG_1019.jpg","type":"image\/jpeg"}],"author":"Muriel Turmes","twitter_card":"summary_large_image","twitter_misc":{"\u00c9crit par":"Muriel Turmes","Dur\u00e9e de lecture estim\u00e9e":"4 minutes"},"schema":{"@context":"https:\/\/schema.org","@graph":[{"@type":"Article","@id":"http:\/\/www.legraindesheures.ovh\/index.php\/2026\/01\/13\/les-premiers-jours-de-janvier\/#article","isPartOf":{"@id":"http:\/\/www.legraindesheures.ovh\/index.php\/2026\/01\/13\/les-premiers-jours-de-janvier\/"},"author":{"name":"Muriel Turmes","@id":"http:\/\/www.legraindesheures.ovh\/#\/schema\/person\/cfb99bdc37b2ce43399fe7748d89f161"},"headline":"Les premiers jours de janvier","datePublished":"2026-01-13T16:23:44+00:00","dateModified":"2026-01-14T08:43:56+00:00","mainEntityOfPage":{"@id":"http:\/\/www.legraindesheures.ovh\/index.php\/2026\/01\/13\/les-premiers-jours-de-janvier\/"},"wordCount":301,"publisher":{"@id":"http:\/\/www.legraindesheures.ovh\/#\/schema\/person\/cfb99bdc37b2ce43399fe7748d89f161"},"image":{"@id":"http:\/\/www.legraindesheures.ovh\/index.php\/2026\/01\/13\/les-premiers-jours-de-janvier\/#primaryimage"},"thumbnailUrl":"https:\/\/www.legraindesheures.ovh\/wp-content\/uploads\/2026\/01\/IMG_1019.jpg","keywords":["hiver","janvier","mer"],"articleSection":["slow life"],"inLanguage":"fr-FR"},{"@type":"WebPage","@id":"http:\/\/www.legraindesheures.ovh\/index.php\/2026\/01\/13\/les-premiers-jours-de-janvier\/","url":"http:\/\/www.legraindesheures.ovh\/index.php\/2026\/01\/13\/les-premiers-jours-de-janvier\/","name":"Les premiers jours de janvier - Le grain des heures","isPartOf":{"@id":"http:\/\/www.legraindesheures.ovh\/#website"},"primaryImageOfPage":{"@id":"http:\/\/www.legraindesheures.ovh\/index.php\/2026\/01\/13\/les-premiers-jours-de-janvier\/#primaryimage"},"image":{"@id":"http:\/\/www.legraindesheures.ovh\/index.php\/2026\/01\/13\/les-premiers-jours-de-janvier\/#primaryimage"},"thumbnailUrl":"https:\/\/www.legraindesheures.ovh\/wp-content\/uploads\/2026\/01\/IMG_1019.jpg","datePublished":"2026-01-13T16:23:44+00:00","dateModified":"2026-01-14T08:43:56+00:00","description":"Les premiers jours de janvier Entre la mer qui \u00e9nergise, la neige qui apaise, mon humeur en mode hibernation et la galette gourmande, janvier devient un mois de contrastes.Un mois pour se reposer, se recentrer, se recr\u00e9er.","breadcrumb":{"@id":"http:\/\/www.legraindesheures.ovh\/index.php\/2026\/01\/13\/les-premiers-jours-de-janvier\/#breadcrumb"},"inLanguage":"fr-FR","potentialAction":[{"@type":"ReadAction","target":["http:\/\/www.legraindesheures.ovh\/index.php\/2026\/01\/13\/les-premiers-jours-de-janvier\/"]}]},{"@type":"ImageObject","inLanguage":"fr-FR","@id":"http:\/\/www.legraindesheures.ovh\/index.php\/2026\/01\/13\/les-premiers-jours-de-janvier\/#primaryimage","url":"https:\/\/www.legraindesheures.ovh\/wp-content\/uploads\/2026\/01\/IMG_1019.jpg","contentUrl":"https:\/\/www.legraindesheures.ovh\/wp-content\/uploads\/2026\/01\/IMG_1019.jpg","width":2049,"height":1537,"caption":"happy 2026"},{"@type":"BreadcrumbList","@id":"http:\/\/www.legraindesheures.ovh\/index.php\/2026\/01\/13\/les-premiers-jours-de-janvier\/#breadcrumb","itemListElement":[{"@type":"ListItem","position":1,"name":"Accueil","item":"http:\/\/www.legraindesheures.ovh\/"},{"@type":"ListItem","position":2,"name":"Les premiers jours de janvier"}]},{"@type":"WebSite","@id":"http:\/\/www.legraindesheures.ovh\/#website","url":"http:\/\/www.legraindesheures.ovh\/","name":"Le grain des heures","description":"Beauty of ordinary days","publisher":{"@id":"http:\/\/www.legraindesheures.ovh\/#\/schema\/person\/cfb99bdc37b2ce43399fe7748d89f161"},"potentialAction":[{"@type":"SearchAction","target":{"@type":"EntryPoint","urlTemplate":"http:\/\/www.legraindesheures.ovh\/?s={search_term_string}"},"query-input":{"@type":"PropertyValueSpecification","valueRequired":true,"valueName":"search_term_string"}}],"inLanguage":"fr-FR"},{"@type":["Person","Organization"],"@id":"http:\/\/www.legraindesheures.ovh\/#\/schema\/person\/cfb99bdc37b2ce43399fe7748d89f161","name":"Muriel Turmes","image":{"@type":"ImageObject","inLanguage":"fr-FR","@id":"https:\/\/secure.gravatar.com\/avatar\/df648abd54fd30b1686f3a8a3ec6632be51efe0530ac9d0955f04ffb9bc5a65e?s=96&d=mm&r=g","url":"https:\/\/secure.gravatar.com\/avatar\/df648abd54fd30b1686f3a8a3ec6632be51efe0530ac9d0955f04ffb9bc5a65e?s=96&d=mm&r=g","contentUrl":"https:\/\/secure.gravatar.com\/avatar\/df648abd54fd30b1686f3a8a3ec6632be51efe0530ac9d0955f04ffb9bc5a65e?s=96&d=mm&r=g","caption":"Muriel Turmes"},"logo":{"@id":"https:\/\/secure.gravatar.com\/avatar\/df648abd54fd30b1686f3a8a3ec6632be51efe0530ac9d0955f04ffb9bc5a65e?s=96&d=mm&r=g"},"sameAs":["http:\/\/www.legraindesheures.ovh","instagram.com\/murielturmes\/"],"url":"https:\/\/www.legraindesheures.ovh\/index.php\/author\/ese150906\/"}]}},"jetpack_featured_media_url":"https:\/\/www.legraindesheures.ovh\/wp-content\/uploads\/2026\/01\/IMG_1019.jpg","jetpack_sharing_enabled":true,"_links":{"self":[{"href":"https:\/\/www.legraindesheures.ovh\/index.php\/wp-json\/wp\/v2\/posts\/325","targetHints":{"allow":["GET"]}}],"collection":[{"href":"https:\/\/www.legraindesheures.ovh\/index.php\/wp-json\/wp\/v2\/posts"}],"about":[{"href":"https:\/\/www.legraindesheures.ovh\/index.php\/wp-json\/wp\/v2\/types\/post"}],"author":[{"embeddable":true,"href":"https:\/\/www.legraindesheures.ovh\/index.php\/wp-json\/wp\/v2\/users\/1"}],"replies":[{"embeddable":true,"href":"https:\/\/www.legraindesheures.ovh\/index.php\/wp-json\/wp\/v2\/comments?post=325"}],"version-history":[{"count":4,"href":"https:\/\/www.legraindesheures.ovh\/index.php\/wp-json\/wp\/v2\/posts\/325\/revisions"}],"predecessor-version":[{"id":339,"href":"https:\/\/www.legraindesheures.ovh\/index.php\/wp-json\/wp\/v2\/posts\/325\/revisions\/339"}],"wp:featuredmedia":[{"embeddable":true,"href":"https:\/\/www.legraindesheures.ovh\/index.php\/wp-json\/wp\/v2\/media\/336"}],"wp:attachment":[{"href":"https:\/\/www.legraindesheures.ovh\/index.php\/wp-json\/wp\/v2\/media?parent=325"}],"wp:term":[{"taxonomy":"category","embeddable":true,"href":"https:\/\/www.legraindesheures.ovh\/index.php\/wp-json\/wp\/v2\/categories?post=325"},{"taxonomy":"post_tag","embeddable":true,"href":"https:\/\/www.legraindesheures.ovh\/index.php\/wp-json\/wp\/v2\/tags?post=325"}],"curies":[{"name":"wp","href":"https:\/\/api.w.org\/{rel}","templated":true}]}}