{"id":82,"date":"2025-03-06T09:42:00","date_gmt":"2025-03-06T08:42:00","guid":{"rendered":"https:\/\/www.legraindesheures.ovh\/?p=82"},"modified":"2025-05-28T14:53:16","modified_gmt":"2025-05-28T12:53:16","slug":"premieres-fleurs-du-printemps","status":"publish","type":"post","link":"https:\/\/www.legraindesheures.ovh\/index.php\/2025\/03\/06\/premieres-fleurs-du-printemps\/","title":{"rendered":"Premi\u00e8res fleurs du printemps"},"content":{"rendered":"\n<p>Nous sommes \u00e0 peine d\u00e9but mars, mais les premi\u00e8res fleurs du printemps font d\u00e9j\u00e0 signe \u00e0 ceux qui ouvrent leurs yeux curieux. <\/p>\n\n\n\n<p><\/p>\n\n\n<div class=\"wp-block-image\">\n<figure class=\"aligncenter size-full\"><img loading=\"lazy\" decoding=\"async\" width=\"600\" height=\"900\" src=\"http:\/\/www.legraindesheures.ovh\/wp-content\/uploads\/2025\/03\/lr2025-5851-web.jpg\" alt=\"crocus violets\" class=\"wp-image-88\" srcset=\"https:\/\/www.legraindesheures.ovh\/wp-content\/uploads\/2025\/03\/lr2025-5851-web.jpg 600w, https:\/\/www.legraindesheures.ovh\/wp-content\/uploads\/2025\/03\/lr2025-5851-web-200x300.jpg 200w, https:\/\/www.legraindesheures.ovh\/wp-content\/uploads\/2025\/03\/lr2025-5851-web-220x330.jpg 220w\" sizes=\"auto, (max-width: 600px) 100vw, 600px\" \/><\/figure>\n<\/div>\n\n\n<p><\/p>\n\n\n\n<p>La nature semble toujours endormie, mais pourtant, sous la couverture de feuilles mortes, appara\u00eet une d\u00e9licate surprise : les crocus, premi\u00e8res couleurs du printemps ! Leurs p\u00e9tales violets nous apportent un peu de gait\u00e9 en ces jours encore bien gris. <\/p>\n\n\n<div class=\"wp-block-image\">\n<figure class=\"aligncenter size-full\"><img loading=\"lazy\" decoding=\"async\" width=\"900\" height=\"600\" src=\"http:\/\/www.legraindesheures.ovh\/wp-content\/uploads\/2025\/03\/lr2025-5835-web.jpg\" alt=\"crocus\" class=\"wp-image-87\" srcset=\"https:\/\/www.legraindesheures.ovh\/wp-content\/uploads\/2025\/03\/lr2025-5835-web.jpg 900w, https:\/\/www.legraindesheures.ovh\/wp-content\/uploads\/2025\/03\/lr2025-5835-web-300x200.jpg 300w, https:\/\/www.legraindesheures.ovh\/wp-content\/uploads\/2025\/03\/lr2025-5835-web-768x512.jpg 768w, https:\/\/www.legraindesheures.ovh\/wp-content\/uploads\/2025\/03\/lr2025-5835-web-319x213.jpg 319w\" sizes=\"auto, (max-width: 900px) 100vw, 900px\" \/><\/figure>\n<\/div>\n\n\n<p><\/p>\n\n\n\n<p>Des clochettes blanches ont \u00e9galement fait leur apparition sous les bambous du jardin. Les perce-neige bravent les derni\u00e8res brimades hivernales pour annoncer en d\u00e9licatement l&rsquo;arriv\u00e9e du redoux. <\/p>\n\n\n\n<p><\/p>\n\n\n<div class=\"wp-block-image\">\n<figure class=\"aligncenter size-large\"><img loading=\"lazy\" decoding=\"async\" width=\"1024\" height=\"683\" src=\"http:\/\/www.legraindesheures.ovh\/wp-content\/uploads\/2025\/03\/lr2025-5821-entete-1024x683.jpg\" alt=\"perce-neige\" class=\"wp-image-86\" srcset=\"https:\/\/www.legraindesheures.ovh\/wp-content\/uploads\/2025\/03\/lr2025-5821-entete-1024x683.jpg 1024w, https:\/\/www.legraindesheures.ovh\/wp-content\/uploads\/2025\/03\/lr2025-5821-entete-300x200.jpg 300w, https:\/\/www.legraindesheures.ovh\/wp-content\/uploads\/2025\/03\/lr2025-5821-entete-768x512.jpg 768w, https:\/\/www.legraindesheures.ovh\/wp-content\/uploads\/2025\/03\/lr2025-5821-entete-1536x1024.jpg 1536w, https:\/\/www.legraindesheures.ovh\/wp-content\/uploads\/2025\/03\/lr2025-5821-entete-2048x1365.jpg 2048w, https:\/\/www.legraindesheures.ovh\/wp-content\/uploads\/2025\/03\/lr2025-5821-entete-319x213.jpg 319w\" sizes=\"auto, (max-width: 1024px) 100vw, 1024px\" \/><\/figure>\n<\/div>\n\n\n<p>Les cyclamens rose vifs dansent discr\u00e8tement sous le noisetier, nous rappelant que les saisons passent, rien ne dure jamais, ni le froid de l&rsquo;hiver, ni la joie du printemps.  <\/p>\n\n\n\n<p><\/p>\n\n\n<div class=\"wp-block-image\">\n<figure class=\"aligncenter size-full\"><img loading=\"lazy\" decoding=\"async\" width=\"900\" height=\"600\" src=\"http:\/\/www.legraindesheures.ovh\/wp-content\/uploads\/2025\/03\/lr2025-5857-web.jpg\" alt=\"cyclamen\" class=\"wp-image-89\" srcset=\"https:\/\/www.legraindesheures.ovh\/wp-content\/uploads\/2025\/03\/lr2025-5857-web.jpg 900w, https:\/\/www.legraindesheures.ovh\/wp-content\/uploads\/2025\/03\/lr2025-5857-web-300x200.jpg 300w, https:\/\/www.legraindesheures.ovh\/wp-content\/uploads\/2025\/03\/lr2025-5857-web-768x512.jpg 768w, https:\/\/www.legraindesheures.ovh\/wp-content\/uploads\/2025\/03\/lr2025-5857-web-319x213.jpg 319w\" sizes=\"auto, (max-width: 900px) 100vw, 900px\" \/><\/figure>\n<\/div>\n\n\n<p>Enfin, les hamam\u00e9lis, avec leurs fleurs jaunes \u00e9clatantes et leur parfum envo\u00fbtant, illuminent le fond du jardin. Nous avons plant\u00e9 cet arbuste il y a 18 ans maintenant, \u00e0 la naissance de notre premi\u00e8re fille&#8230; Je l&rsquo;ai choisi car l&rsquo;hamam\u00e9lis incarne la r\u00e9silience et la magie qui se cachent dans le repos de la nature.<\/p>\n\n\n\n<p><\/p>\n\n\n<div class=\"wp-block-image\">\n<figure class=\"aligncenter size-full\"><img loading=\"lazy\" decoding=\"async\" width=\"600\" height=\"900\" src=\"http:\/\/www.legraindesheures.ovh\/wp-content\/uploads\/2025\/03\/lr2025-5883-web.jpg\" alt=\"hammam\u00e9lis\" class=\"wp-image-90\" srcset=\"https:\/\/www.legraindesheures.ovh\/wp-content\/uploads\/2025\/03\/lr2025-5883-web.jpg 600w, https:\/\/www.legraindesheures.ovh\/wp-content\/uploads\/2025\/03\/lr2025-5883-web-200x300.jpg 200w, https:\/\/www.legraindesheures.ovh\/wp-content\/uploads\/2025\/03\/lr2025-5883-web-220x330.jpg 220w\" sizes=\"auto, (max-width: 600px) 100vw, 600px\" \/><\/figure>\n<\/div>\n\n\n<p>Chaque ann\u00e9e, je contemple ces fleurs avec \u00e9merveillement, les immortalisant en photos pour capturer cet instant magique o\u00f9 l&rsquo;hiver c\u00e8de enfin la place au printemps. Dans mon jardin, elles sont les \u00e9claireuses d&rsquo;une nouvelle saison, les petites flammes de la renaissance.<\/p>\n","protected":false},"excerpt":{"rendered":"<p>Nous sommes \u00e0 peine d\u00e9but mars, mais les premi\u00e8res fleurs du printemps font d\u00e9j\u00e0 signe \u00e0 ceux qui ouvrent leurs yeux curieux. La nature semble &hellip;<\/p>\n","protected":false},"author":1,"featured_media":86,"comment_status":"closed","ping_status":"closed","sticky":false,"template":"","format":"standard","meta":{"_jetpack_memberships_contains_paid_content":false,"footnotes":""},"categories":[8],"tags":[5,6,7,4],"class_list":["post-82","post","type-post","status-publish","format-standard","has-post-thumbnail","hentry","category-un-tour-au-jardin","tag-fleur","tag-jardin","tag-macrophotograpie","tag-printemps"],"yoast_head":"<!-- This site is optimized with the Yoast SEO plugin v27.5 - https:\/\/yoast.com\/product\/yoast-seo-wordpress\/ -->\n<title>Premi\u00e8res fleurs du printemps - Le grain des heures<\/title>\n<meta name=\"robots\" content=\"index, follow, max-snippet:-1, max-image-preview:large, max-video-preview:-1\" \/>\n<link rel=\"canonical\" href=\"https:\/\/www.legraindesheures.ovh\/index.php\/2025\/03\/06\/premieres-fleurs-du-printemps\/\" \/>\n<meta property=\"og:locale\" content=\"fr_FR\" \/>\n<meta property=\"og:type\" content=\"article\" \/>\n<meta property=\"og:title\" content=\"Premi\u00e8res fleurs du printemps - Le grain des heures\" \/>\n<meta property=\"og:description\" content=\"Nous sommes \u00e0 peine d\u00e9but mars, mais les premi\u00e8res fleurs du printemps font d\u00e9j\u00e0 signe \u00e0 ceux qui ouvrent leurs yeux curieux. La nature semble &hellip;\" \/>\n<meta property=\"og:url\" content=\"https:\/\/www.legraindesheures.ovh\/index.php\/2025\/03\/06\/premieres-fleurs-du-printemps\/\" \/>\n<meta property=\"og:site_name\" content=\"Le grain des heures\" \/>\n<meta property=\"article:published_time\" content=\"2025-03-06T08:42:00+00:00\" \/>\n<meta property=\"article:modified_time\" content=\"2025-05-28T12:53:16+00:00\" \/>\n<meta property=\"og:image\" content=\"https:\/\/www.legraindesheures.ovh\/wp-content\/uploads\/2025\/03\/lr2025-5821-entete-scaled.jpg\" \/>\n\t<meta property=\"og:image:width\" content=\"2560\" \/>\n\t<meta property=\"og:image:height\" content=\"1707\" \/>\n\t<meta property=\"og:image:type\" content=\"image\/jpeg\" \/>\n<meta name=\"author\" content=\"Muriel Turmes\" \/>\n<meta name=\"twitter:card\" content=\"summary_large_image\" \/>\n<meta name=\"twitter:label1\" content=\"\u00c9crit par\" \/>\n\t<meta name=\"twitter:data1\" content=\"Muriel Turmes\" \/>\n\t<meta name=\"twitter:label2\" content=\"Dur\u00e9e de lecture estim\u00e9e\" \/>\n\t<meta name=\"twitter:data2\" content=\"3 minutes\" \/>\n<script type=\"application\/ld+json\" class=\"yoast-schema-graph\">{\"@context\":\"https:\\\/\\\/schema.org\",\"@graph\":[{\"@type\":\"Article\",\"@id\":\"https:\\\/\\\/www.legraindesheures.ovh\\\/index.php\\\/2025\\\/03\\\/06\\\/premieres-fleurs-du-printemps\\\/#article\",\"isPartOf\":{\"@id\":\"https:\\\/\\\/www.legraindesheures.ovh\\\/index.php\\\/2025\\\/03\\\/06\\\/premieres-fleurs-du-printemps\\\/\"},\"author\":{\"name\":\"Muriel Turmes\",\"@id\":\"http:\\\/\\\/www.legraindesheures.ovh\\\/#\\\/schema\\\/person\\\/cfb99bdc37b2ce43399fe7748d89f161\"},\"headline\":\"Premi\u00e8res fleurs du printemps\",\"datePublished\":\"2025-03-06T08:42:00+00:00\",\"dateModified\":\"2025-05-28T12:53:16+00:00\",\"mainEntityOfPage\":{\"@id\":\"https:\\\/\\\/www.legraindesheures.ovh\\\/index.php\\\/2025\\\/03\\\/06\\\/premieres-fleurs-du-printemps\\\/\"},\"wordCount\":231,\"publisher\":{\"@id\":\"http:\\\/\\\/www.legraindesheures.ovh\\\/#\\\/schema\\\/person\\\/cfb99bdc37b2ce43399fe7748d89f161\"},\"image\":{\"@id\":\"https:\\\/\\\/www.legraindesheures.ovh\\\/index.php\\\/2025\\\/03\\\/06\\\/premieres-fleurs-du-printemps\\\/#primaryimage\"},\"thumbnailUrl\":\"https:\\\/\\\/www.legraindesheures.ovh\\\/wp-content\\\/uploads\\\/2025\\\/03\\\/lr2025-5821-entete-scaled.jpg\",\"keywords\":[\"fleur\",\"jardin\",\"macrophotograpie\",\"printemps\"],\"articleSection\":[\"Un tour au jardin\"],\"inLanguage\":\"fr-FR\"},{\"@type\":\"WebPage\",\"@id\":\"https:\\\/\\\/www.legraindesheures.ovh\\\/index.php\\\/2025\\\/03\\\/06\\\/premieres-fleurs-du-printemps\\\/\",\"url\":\"https:\\\/\\\/www.legraindesheures.ovh\\\/index.php\\\/2025\\\/03\\\/06\\\/premieres-fleurs-du-printemps\\\/\",\"name\":\"Premi\u00e8res fleurs du printemps - Le grain des heures\",\"isPartOf\":{\"@id\":\"http:\\\/\\\/www.legraindesheures.ovh\\\/#website\"},\"primaryImageOfPage\":{\"@id\":\"https:\\\/\\\/www.legraindesheures.ovh\\\/index.php\\\/2025\\\/03\\\/06\\\/premieres-fleurs-du-printemps\\\/#primaryimage\"},\"image\":{\"@id\":\"https:\\\/\\\/www.legraindesheures.ovh\\\/index.php\\\/2025\\\/03\\\/06\\\/premieres-fleurs-du-printemps\\\/#primaryimage\"},\"thumbnailUrl\":\"https:\\\/\\\/www.legraindesheures.ovh\\\/wp-content\\\/uploads\\\/2025\\\/03\\\/lr2025-5821-entete-scaled.jpg\",\"datePublished\":\"2025-03-06T08:42:00+00:00\",\"dateModified\":\"2025-05-28T12:53:16+00:00\",\"breadcrumb\":{\"@id\":\"https:\\\/\\\/www.legraindesheures.ovh\\\/index.php\\\/2025\\\/03\\\/06\\\/premieres-fleurs-du-printemps\\\/#breadcrumb\"},\"inLanguage\":\"fr-FR\",\"potentialAction\":[{\"@type\":\"ReadAction\",\"target\":[\"https:\\\/\\\/www.legraindesheures.ovh\\\/index.php\\\/2025\\\/03\\\/06\\\/premieres-fleurs-du-printemps\\\/\"]}]},{\"@type\":\"ImageObject\",\"inLanguage\":\"fr-FR\",\"@id\":\"https:\\\/\\\/www.legraindesheures.ovh\\\/index.php\\\/2025\\\/03\\\/06\\\/premieres-fleurs-du-printemps\\\/#primaryimage\",\"url\":\"https:\\\/\\\/www.legraindesheures.ovh\\\/wp-content\\\/uploads\\\/2025\\\/03\\\/lr2025-5821-entete-scaled.jpg\",\"contentUrl\":\"https:\\\/\\\/www.legraindesheures.ovh\\\/wp-content\\\/uploads\\\/2025\\\/03\\\/lr2025-5821-entete-scaled.jpg\",\"width\":2560,\"height\":1707,\"caption\":\"perce-neige\"},{\"@type\":\"BreadcrumbList\",\"@id\":\"https:\\\/\\\/www.legraindesheures.ovh\\\/index.php\\\/2025\\\/03\\\/06\\\/premieres-fleurs-du-printemps\\\/#breadcrumb\",\"itemListElement\":[{\"@type\":\"ListItem\",\"position\":1,\"name\":\"Accueil\",\"item\":\"http:\\\/\\\/www.legraindesheures.ovh\\\/\"},{\"@type\":\"ListItem\",\"position\":2,\"name\":\"Premi\u00e8res fleurs du printemps\"}]},{\"@type\":\"WebSite\",\"@id\":\"http:\\\/\\\/www.legraindesheures.ovh\\\/#website\",\"url\":\"http:\\\/\\\/www.legraindesheures.ovh\\\/\",\"name\":\"Le grain des heures\",\"description\":\"Beauty of ordinary days\",\"publisher\":{\"@id\":\"http:\\\/\\\/www.legraindesheures.ovh\\\/#\\\/schema\\\/person\\\/cfb99bdc37b2ce43399fe7748d89f161\"},\"potentialAction\":[{\"@type\":\"SearchAction\",\"target\":{\"@type\":\"EntryPoint\",\"urlTemplate\":\"http:\\\/\\\/www.legraindesheures.ovh\\\/?s={search_term_string}\"},\"query-input\":{\"@type\":\"PropertyValueSpecification\",\"valueRequired\":true,\"valueName\":\"search_term_string\"}}],\"inLanguage\":\"fr-FR\"},{\"@type\":[\"Person\",\"Organization\"],\"@id\":\"http:\\\/\\\/www.legraindesheures.ovh\\\/#\\\/schema\\\/person\\\/cfb99bdc37b2ce43399fe7748d89f161\",\"name\":\"Muriel Turmes\",\"image\":{\"@type\":\"ImageObject\",\"inLanguage\":\"fr-FR\",\"@id\":\"https:\\\/\\\/secure.gravatar.com\\\/avatar\\\/df648abd54fd30b1686f3a8a3ec6632be51efe0530ac9d0955f04ffb9bc5a65e?s=96&d=mm&r=g\",\"url\":\"https:\\\/\\\/secure.gravatar.com\\\/avatar\\\/df648abd54fd30b1686f3a8a3ec6632be51efe0530ac9d0955f04ffb9bc5a65e?s=96&d=mm&r=g\",\"contentUrl\":\"https:\\\/\\\/secure.gravatar.com\\\/avatar\\\/df648abd54fd30b1686f3a8a3ec6632be51efe0530ac9d0955f04ffb9bc5a65e?s=96&d=mm&r=g\",\"caption\":\"Muriel Turmes\"},\"logo\":{\"@id\":\"https:\\\/\\\/secure.gravatar.com\\\/avatar\\\/df648abd54fd30b1686f3a8a3ec6632be51efe0530ac9d0955f04ffb9bc5a65e?s=96&d=mm&r=g\"},\"sameAs\":[\"http:\\\/\\\/www.legraindesheures.ovh\",\"instagram.com\\\/murielturmes\\\/\"],\"url\":\"https:\\\/\\\/www.legraindesheures.ovh\\\/index.php\\\/author\\\/ese150906\\\/\"}]}<\/script>\n<!-- \/ Yoast SEO plugin. -->","yoast_head_json":{"title":"Premi\u00e8res fleurs du printemps - Le grain des heures","robots":{"index":"index","follow":"follow","max-snippet":"max-snippet:-1","max-image-preview":"max-image-preview:large","max-video-preview":"max-video-preview:-1"},"canonical":"https:\/\/www.legraindesheures.ovh\/index.php\/2025\/03\/06\/premieres-fleurs-du-printemps\/","og_locale":"fr_FR","og_type":"article","og_title":"Premi\u00e8res fleurs du printemps - Le grain des heures","og_description":"Nous sommes \u00e0 peine d\u00e9but mars, mais les premi\u00e8res fleurs du printemps font d\u00e9j\u00e0 signe \u00e0 ceux qui ouvrent leurs yeux curieux. La nature semble &hellip;","og_url":"https:\/\/www.legraindesheures.ovh\/index.php\/2025\/03\/06\/premieres-fleurs-du-printemps\/","og_site_name":"Le grain des heures","article_published_time":"2025-03-06T08:42:00+00:00","article_modified_time":"2025-05-28T12:53:16+00:00","og_image":[{"width":2560,"height":1707,"url":"https:\/\/www.legraindesheures.ovh\/wp-content\/uploads\/2025\/03\/lr2025-5821-entete-scaled.jpg","type":"image\/jpeg"}],"author":"Muriel Turmes","twitter_card":"summary_large_image","twitter_misc":{"\u00c9crit par":"Muriel Turmes","Dur\u00e9e de lecture estim\u00e9e":"3 minutes"},"schema":{"@context":"https:\/\/schema.org","@graph":[{"@type":"Article","@id":"https:\/\/www.legraindesheures.ovh\/index.php\/2025\/03\/06\/premieres-fleurs-du-printemps\/#article","isPartOf":{"@id":"https:\/\/www.legraindesheures.ovh\/index.php\/2025\/03\/06\/premieres-fleurs-du-printemps\/"},"author":{"name":"Muriel Turmes","@id":"http:\/\/www.legraindesheures.ovh\/#\/schema\/person\/cfb99bdc37b2ce43399fe7748d89f161"},"headline":"Premi\u00e8res fleurs du printemps","datePublished":"2025-03-06T08:42:00+00:00","dateModified":"2025-05-28T12:53:16+00:00","mainEntityOfPage":{"@id":"https:\/\/www.legraindesheures.ovh\/index.php\/2025\/03\/06\/premieres-fleurs-du-printemps\/"},"wordCount":231,"publisher":{"@id":"http:\/\/www.legraindesheures.ovh\/#\/schema\/person\/cfb99bdc37b2ce43399fe7748d89f161"},"image":{"@id":"https:\/\/www.legraindesheures.ovh\/index.php\/2025\/03\/06\/premieres-fleurs-du-printemps\/#primaryimage"},"thumbnailUrl":"https:\/\/www.legraindesheures.ovh\/wp-content\/uploads\/2025\/03\/lr2025-5821-entete-scaled.jpg","keywords":["fleur","jardin","macrophotograpie","printemps"],"articleSection":["Un tour au jardin"],"inLanguage":"fr-FR"},{"@type":"WebPage","@id":"https:\/\/www.legraindesheures.ovh\/index.php\/2025\/03\/06\/premieres-fleurs-du-printemps\/","url":"https:\/\/www.legraindesheures.ovh\/index.php\/2025\/03\/06\/premieres-fleurs-du-printemps\/","name":"Premi\u00e8res fleurs du printemps - Le grain des heures","isPartOf":{"@id":"http:\/\/www.legraindesheures.ovh\/#website"},"primaryImageOfPage":{"@id":"https:\/\/www.legraindesheures.ovh\/index.php\/2025\/03\/06\/premieres-fleurs-du-printemps\/#primaryimage"},"image":{"@id":"https:\/\/www.legraindesheures.ovh\/index.php\/2025\/03\/06\/premieres-fleurs-du-printemps\/#primaryimage"},"thumbnailUrl":"https:\/\/www.legraindesheures.ovh\/wp-content\/uploads\/2025\/03\/lr2025-5821-entete-scaled.jpg","datePublished":"2025-03-06T08:42:00+00:00","dateModified":"2025-05-28T12:53:16+00:00","breadcrumb":{"@id":"https:\/\/www.legraindesheures.ovh\/index.php\/2025\/03\/06\/premieres-fleurs-du-printemps\/#breadcrumb"},"inLanguage":"fr-FR","potentialAction":[{"@type":"ReadAction","target":["https:\/\/www.legraindesheures.ovh\/index.php\/2025\/03\/06\/premieres-fleurs-du-printemps\/"]}]},{"@type":"ImageObject","inLanguage":"fr-FR","@id":"https:\/\/www.legraindesheures.ovh\/index.php\/2025\/03\/06\/premieres-fleurs-du-printemps\/#primaryimage","url":"https:\/\/www.legraindesheures.ovh\/wp-content\/uploads\/2025\/03\/lr2025-5821-entete-scaled.jpg","contentUrl":"https:\/\/www.legraindesheures.ovh\/wp-content\/uploads\/2025\/03\/lr2025-5821-entete-scaled.jpg","width":2560,"height":1707,"caption":"perce-neige"},{"@type":"BreadcrumbList","@id":"https:\/\/www.legraindesheures.ovh\/index.php\/2025\/03\/06\/premieres-fleurs-du-printemps\/#breadcrumb","itemListElement":[{"@type":"ListItem","position":1,"name":"Accueil","item":"http:\/\/www.legraindesheures.ovh\/"},{"@type":"ListItem","position":2,"name":"Premi\u00e8res fleurs du printemps"}]},{"@type":"WebSite","@id":"http:\/\/www.legraindesheures.ovh\/#website","url":"http:\/\/www.legraindesheures.ovh\/","name":"Le grain des heures","description":"Beauty of ordinary days","publisher":{"@id":"http:\/\/www.legraindesheures.ovh\/#\/schema\/person\/cfb99bdc37b2ce43399fe7748d89f161"},"potentialAction":[{"@type":"SearchAction","target":{"@type":"EntryPoint","urlTemplate":"http:\/\/www.legraindesheures.ovh\/?s={search_term_string}"},"query-input":{"@type":"PropertyValueSpecification","valueRequired":true,"valueName":"search_term_string"}}],"inLanguage":"fr-FR"},{"@type":["Person","Organization"],"@id":"http:\/\/www.legraindesheures.ovh\/#\/schema\/person\/cfb99bdc37b2ce43399fe7748d89f161","name":"Muriel Turmes","image":{"@type":"ImageObject","inLanguage":"fr-FR","@id":"https:\/\/secure.gravatar.com\/avatar\/df648abd54fd30b1686f3a8a3ec6632be51efe0530ac9d0955f04ffb9bc5a65e?s=96&d=mm&r=g","url":"https:\/\/secure.gravatar.com\/avatar\/df648abd54fd30b1686f3a8a3ec6632be51efe0530ac9d0955f04ffb9bc5a65e?s=96&d=mm&r=g","contentUrl":"https:\/\/secure.gravatar.com\/avatar\/df648abd54fd30b1686f3a8a3ec6632be51efe0530ac9d0955f04ffb9bc5a65e?s=96&d=mm&r=g","caption":"Muriel Turmes"},"logo":{"@id":"https:\/\/secure.gravatar.com\/avatar\/df648abd54fd30b1686f3a8a3ec6632be51efe0530ac9d0955f04ffb9bc5a65e?s=96&d=mm&r=g"},"sameAs":["http:\/\/www.legraindesheures.ovh","instagram.com\/murielturmes\/"],"url":"https:\/\/www.legraindesheures.ovh\/index.php\/author\/ese150906\/"}]}},"jetpack_featured_media_url":"https:\/\/www.legraindesheures.ovh\/wp-content\/uploads\/2025\/03\/lr2025-5821-entete-scaled.jpg","jetpack_sharing_enabled":true,"_links":{"self":[{"href":"https:\/\/www.legraindesheures.ovh\/index.php\/wp-json\/wp\/v2\/posts\/82","targetHints":{"allow":["GET"]}}],"collection":[{"href":"https:\/\/www.legraindesheures.ovh\/index.php\/wp-json\/wp\/v2\/posts"}],"about":[{"href":"https:\/\/www.legraindesheures.ovh\/index.php\/wp-json\/wp\/v2\/types\/post"}],"author":[{"embeddable":true,"href":"https:\/\/www.legraindesheures.ovh\/index.php\/wp-json\/wp\/v2\/users\/1"}],"replies":[{"embeddable":true,"href":"https:\/\/www.legraindesheures.ovh\/index.php\/wp-json\/wp\/v2\/comments?post=82"}],"version-history":[{"count":4,"href":"https:\/\/www.legraindesheures.ovh\/index.php\/wp-json\/wp\/v2\/posts\/82\/revisions"}],"predecessor-version":[{"id":91,"href":"https:\/\/www.legraindesheures.ovh\/index.php\/wp-json\/wp\/v2\/posts\/82\/revisions\/91"}],"wp:featuredmedia":[{"embeddable":true,"href":"https:\/\/www.legraindesheures.ovh\/index.php\/wp-json\/wp\/v2\/media\/86"}],"wp:attachment":[{"href":"https:\/\/www.legraindesheures.ovh\/index.php\/wp-json\/wp\/v2\/media?parent=82"}],"wp:term":[{"taxonomy":"category","embeddable":true,"href":"https:\/\/www.legraindesheures.ovh\/index.php\/wp-json\/wp\/v2\/categories?post=82"},{"taxonomy":"post_tag","embeddable":true,"href":"https:\/\/www.legraindesheures.ovh\/index.php\/wp-json\/wp\/v2\/tags?post=82"}],"curies":[{"name":"wp","href":"https:\/\/api.w.org\/{rel}","templated":true}]}}